{"id":7388,"date":"2018-09-20T10:34:08","date_gmt":"2018-09-20T10:34:08","guid":{"rendered":"http:\/\/blog.loroparque.com\/?p=7388"},"modified":"2022-08-19T11:16:01","modified_gmt":"2022-08-19T11:16:01","slug":"die-loro-parque-fundacion-eroeffnet-an-diesem-montag-ihren-ix-papageienkongress","status":"publish","type":"post","link":"https:\/\/www.loroparque-fundacion.org\/de\/die-loro-parque-fundacion-eroeffnet-an-diesem-montag-ihren-ix-papageienkongress\/","title":{"rendered":"Die Loro Parque Fundaci\u00f3n er\u00f6ffnet an diesem Montag ihren  IX. Papageienkongress"},"content":{"rendered":"<p><a href=\"https:\/\/www.loroparque-fundacion.org\/app\/uploads\/2018\/09\/Cartel-IX-Congreso-de-Papagayos-2018.jpg\" rel=\"prettyPhoto[gallery-Z0Qk]\"><img decoding=\"async\" class=\"alignnone wp-image-7158\" src=\"https:\/\/www.loroparque-fundacion.org\/app\/uploads\/2018\/09\/Cartel-IX-Congreso-de-Papagayos-2018-212x300.jpg\" alt=\"\" width=\"600\" height=\"849\" \/><\/a><\/p>\n<p align=\"justify\">An diesem Montag, 24. September, beginnt in der touristischen Stadt Puerto de la Cruz der gro\u00dfe Papageienkongress, den die Loro Parque Fundaci\u00f3n alle vier Jahre organisiert und in diesem Jahr zum neunten Mal gefeiert wird. Die weltweit einzigartige Veranstaltung wird rund 800 Kongressteilnehmer aus mehr als 40 verschiedenen Nationen anziehen, die bereits an diesem Wochenende beginnen, anzureisen. Zum Herbstbeginn mit einem Wetter, das nicht besser sein k\u00f6nnte.<\/p>\n<p align=\"justify\">Seit der Papageienkongress der Loro Parque Fundaci\u00f3n im Jahr 1986 zum ersten Mal gefeiert wurde, zieht er eine Vielzahl von Wissenschaftlern, Biologen und allgemeinen Profis im Bereich des Arterhalts und der Veterin\u00e4rmedizin sowie Studenten aus verschiedenen Teilen der Welt an. Wie immer, umfasst die Liste der Referenten auch dieses Mal Experten aus den unterschiedlichsten Teilen dieses Planeten.<\/p>\n<p align=\"justify\">Der Kongress wird ein originelles Freizeitprogramm unter dem Motto \u201ewining &amp; dining\u201c anbieten, das es den Teilnehmern erlaubt, markante Punkte der Insel zu besuchen und dabei ganz unterschiedliche, parallel stattfindende Aktivit\u00e4ten zu genie\u00dfen. Au\u00dferdem wurde in diesem Jahr zum ersten Mal ein Ausflug nach Gran Canaria organisiert, um das Poema del Mar zu besuchen, wo die Kongressteilnehmer die beeindruckende Unterwasserwelt in einem unvergleichlichen Rahmen genie\u00dfen k\u00f6nnen.<\/p>\n<p align=\"justify\">Ebenfalls in dieser Auflage und als Antwort auf eine bisher nie dagewesene Nachfrage, werden im Anschluss an den Kongress drei Tage Intensivkurs angeboten, in dem die verschiedenen Experten eine direkte Weiterbildung in verschiedenen Bereichen des Arterhalts anbieten.<\/p>\n<p align=\"justify\">Derartige Aktivit\u00e4ten haben eine sehr positive Auswirkung auf die Inseln, denn sie ziehen Touristen an, die die Natur sch\u00e4tzen und sich f\u00fcr andere attraktive Charakteristika des Archipels interessieren, die sie w\u00e4hrend der Verl\u00e4ngerung ihres Aufenthalts entdecken. Der September ist zudem einer der spektakul\u00e4rsten Monate auf den Kanaren, mit langen Sonnentagen, traumhaften Sonnenunterg\u00e4ngen und Str\u00e4nden, die zu einem langen Spaziergang einladen. Der IX. Papageienkongress wird zweifelsohne eine einmalige Gelegenheit bieten, um sich auszutauschen, zu lernen und ein unvergleichliches Fleckchen Erde zu genie\u00dfen.<\/p>\n<p>Interessierte, die Presseakkreditierungen beantragen m\u00f6chten, k\u00f6nnen dies tun, in dem sie eine E-mail an dir.comunicacion@loroparque.com senden.<\/p>\n","protected":false},"excerpt":{"rendered":"<p>An diesem Montag, 24. September, beginnt in der touristischen Stadt Puerto de la Cruz der&#8230;<\/p>\n","protected":false},"author":1,"featured_media":0,"comment_status":"open","ping_status":"open","sticky":false,"template":"","format":"standard","meta":{"footnotes":""},"categories":[1601],"tags":[],"yoast_head":"<!-- This site is optimized with the Yoast SEO plugin v23.0 - https:\/\/yoast.com\/wordpress\/plugins\/seo\/ -->\n<title>Die Loro Parque Fundaci\u00f3n er\u00f6ffnet an diesem Montag ihren IX. Papageienkongress &#8226; Loro Parque Fundaci\u00f3n<\/title>\n<meta name=\"description\" content=\"Loro Parque Fundacio\u0301n es una institucio\u0301n internacional sin a\u0301nimo de lucro, concebida para conservar la naturaleza y reserva gene\u0301tica de loros\" \/>\n<meta name=\"robots\" content=\"index, follow, max-snippet:-1, max-image-preview:large, max-video-preview:-1\" \/>\n<link rel=\"canonical\" href=\"https:\/\/www.loroparque-fundacion.org\/de\/die-loro-parque-fundacion-eroeffnet-an-diesem-montag-ihren-ix-papageienkongress\/\" \/>\n<meta property=\"og:locale\" content=\"de_DE\" \/>\n<meta property=\"og:type\" content=\"article\" \/>\n<meta property=\"og:title\" content=\"Die Loro Parque Fundaci\u00f3n er\u00f6ffnet an diesem Montag ihren IX. Papageienkongress &#8226; Loro Parque Fundaci\u00f3n\" \/>\n<meta property=\"og:description\" content=\"Loro Parque Fundacio\u0301n es una institucio\u0301n internacional sin a\u0301nimo de lucro, concebida para conservar la naturaleza y reserva gene\u0301tica de loros\" \/>\n<meta property=\"og:url\" content=\"https:\/\/www.loroparque-fundacion.org\/de\/die-loro-parque-fundacion-eroeffnet-an-diesem-montag-ihren-ix-papageienkongress\/\" \/>\n<meta property=\"og:site_name\" content=\"Loro Parque Fundaci\u00f3n\" \/>\n<meta property=\"article:publisher\" content=\"https:\/\/www.facebook.com\/loroparquefundacion\/\" \/>\n<meta property=\"article:published_time\" content=\"2018-09-20T10:34:08+00:00\" \/>\n<meta property=\"article:modified_time\" content=\"2022-08-19T11:16:01+00:00\" \/>\n<meta property=\"og:image\" content=\"https:\/\/www.loroparque-fundacion.org\/app\/uploads\/2018\/09\/Cartel-IX-Congreso-de-Papagayos-2018-212x300.jpg\" \/>\n<meta name=\"author\" content=\"proyectran\" \/>\n<meta name=\"twitter:card\" content=\"summary_large_image\" \/>\n<meta name=\"twitter:creator\" content=\"@lp__fundacion\" \/>\n<meta name=\"twitter:site\" content=\"@lp__fundacion\" \/>\n<meta name=\"twitter:label1\" content=\"Written by\" \/>\n\t<meta name=\"twitter:data1\" content=\"proyectran\" \/>\n\t<meta name=\"twitter:label2\" content=\"Est. reading time\" \/>\n\t<meta name=\"twitter:data2\" content=\"2 minutes\" \/>\n<script type=\"application\/ld+json\" class=\"yoast-schema-graph\">{\"@context\":\"https:\/\/schema.org\",\"@graph\":[{\"@type\":\"Article\",\"@id\":\"https:\/\/www.loroparque-fundacion.org\/de\/die-loro-parque-fundacion-eroeffnet-an-diesem-montag-ihren-ix-papageienkongress\/#article\",\"isPartOf\":{\"@id\":\"https:\/\/www.loroparque-fundacion.org\/de\/die-loro-parque-fundacion-eroeffnet-an-diesem-montag-ihren-ix-papageienkongress\/\"},\"author\":{\"name\":\"proyectran\",\"@id\":\"https:\/\/www.loroparque-fundacion.org\/de\/#\/schema\/person\/4dbb636839aedad4c1753c9e1a7c45ae\"},\"headline\":\"Die Loro Parque Fundaci\u00f3n er\u00f6ffnet an diesem Montag ihren IX. Papageienkongress\",\"datePublished\":\"2018-09-20T10:34:08+00:00\",\"dateModified\":\"2022-08-19T11:16:01+00:00\",\"mainEntityOfPage\":{\"@id\":\"https:\/\/www.loroparque-fundacion.org\/de\/die-loro-parque-fundacion-eroeffnet-an-diesem-montag-ihren-ix-papageienkongress\/\"},\"wordCount\":357,\"commentCount\":0,\"publisher\":{\"@id\":\"https:\/\/www.loroparque-fundacion.org\/de\/#organization\"},\"image\":{\"@id\":\"https:\/\/www.loroparque-fundacion.org\/de\/die-loro-parque-fundacion-eroeffnet-an-diesem-montag-ihren-ix-papageienkongress\/#primaryimage\"},\"thumbnailUrl\":\"https:\/\/www.loroparque-fundacion.org\/app\/uploads\/2018\/09\/Cartel-IX-Congreso-de-Papagayos-2018-212x300.jpg\",\"articleSection\":[\"Fundacion_de\"],\"inLanguage\":\"de-DE\"},{\"@type\":\"WebPage\",\"@id\":\"https:\/\/www.loroparque-fundacion.org\/de\/die-loro-parque-fundacion-eroeffnet-an-diesem-montag-ihren-ix-papageienkongress\/\",\"url\":\"https:\/\/www.loroparque-fundacion.org\/de\/die-loro-parque-fundacion-eroeffnet-an-diesem-montag-ihren-ix-papageienkongress\/\",\"name\":\"Die Loro Parque Fundaci\u00f3n er\u00f6ffnet an diesem Montag ihren IX. Papageienkongress &#8226; Loro Parque Fundaci\u00f3n\",\"isPartOf\":{\"@id\":\"https:\/\/www.loroparque-fundacion.org\/de\/#website\"},\"primaryImageOfPage\":{\"@id\":\"https:\/\/www.loroparque-fundacion.org\/de\/die-loro-parque-fundacion-eroeffnet-an-diesem-montag-ihren-ix-papageienkongress\/#primaryimage\"},\"image\":{\"@id\":\"https:\/\/www.loroparque-fundacion.org\/de\/die-loro-parque-fundacion-eroeffnet-an-diesem-montag-ihren-ix-papageienkongress\/#primaryimage\"},\"thumbnailUrl\":\"https:\/\/www.loroparque-fundacion.org\/app\/uploads\/2018\/09\/Cartel-IX-Congreso-de-Papagayos-2018-212x300.jpg\",\"datePublished\":\"2018-09-20T10:34:08+00:00\",\"dateModified\":\"2022-08-19T11:16:01+00:00\",\"description\":\"Loro Parque Fundacio\u0301n es una institucio\u0301n internacional sin a\u0301nimo de lucro, concebida para conservar la naturaleza y reserva gene\u0301tica de loros\",\"inLanguage\":\"de-DE\",\"potentialAction\":[{\"@type\":\"ReadAction\",\"target\":[\"https:\/\/www.loroparque-fundacion.org\/de\/die-loro-parque-fundacion-eroeffnet-an-diesem-montag-ihren-ix-papageienkongress\/\"]}]},{\"@type\":\"ImageObject\",\"inLanguage\":\"de-DE\",\"@id\":\"https:\/\/www.loroparque-fundacion.org\/de\/die-loro-parque-fundacion-eroeffnet-an-diesem-montag-ihren-ix-papageienkongress\/#primaryimage\",\"url\":\"https:\/\/www.loroparque-fundacion.org\/app\/uploads\/2018\/09\/Cartel-IX-Congreso-de-Papagayos-2018-212x300.jpg\",\"contentUrl\":\"https:\/\/www.loroparque-fundacion.org\/app\/uploads\/2018\/09\/Cartel-IX-Congreso-de-Papagayos-2018-212x300.jpg\"},{\"@type\":\"WebSite\",\"@id\":\"https:\/\/www.loroparque-fundacion.org\/de\/#website\",\"url\":\"https:\/\/www.loroparque-fundacion.org\/de\/\",\"name\":\"Loro Parque Fundaci\u00f3n\",\"description\":\"We Care - Animal Embassy - Tenerife\",\"publisher\":{\"@id\":\"https:\/\/www.loroparque-fundacion.org\/de\/#organization\"},\"potentialAction\":[{\"@type\":\"SearchAction\",\"target\":{\"@type\":\"EntryPoint\",\"urlTemplate\":\"https:\/\/www.loroparque-fundacion.org\/de\/?s={search_term_string}\"},\"query-input\":\"required name=search_term_string\"}],\"inLanguage\":\"de-DE\"},{\"@type\":\"Organization\",\"@id\":\"https:\/\/www.loroparque-fundacion.org\/de\/#organization\",\"name\":\"Loro Parque Fundaci\u00f3n\",\"url\":\"https:\/\/www.loroparque-fundacion.org\/de\/\",\"logo\":{\"@type\":\"ImageObject\",\"inLanguage\":\"de-DE\",\"@id\":\"https:\/\/www.loroparque-fundacion.org\/de\/#\/schema\/logo\/image\/\",\"url\":\"https:\/\/www.loroparque-fundacion.org\/app\/uploads\/2022\/08\/destacadaweb.png\",\"contentUrl\":\"https:\/\/www.loroparque-fundacion.org\/app\/uploads\/2022\/08\/destacadaweb.png\",\"width\":500,\"height\":500,\"caption\":\"Loro Parque Fundaci\u00f3n\"},\"image\":{\"@id\":\"https:\/\/www.loroparque-fundacion.org\/de\/#\/schema\/logo\/image\/\"},\"sameAs\":[\"https:\/\/www.facebook.com\/loroparquefundacion\/\",\"https:\/\/x.com\/lp__fundacion\",\"https:\/\/www.instagram.com\/loroparque_fundacion\/\",\"https:\/\/www.linkedin.com\/company\/loroparque\/\"]},{\"@type\":\"Person\",\"@id\":\"https:\/\/www.loroparque-fundacion.org\/de\/#\/schema\/person\/4dbb636839aedad4c1753c9e1a7c45ae\",\"name\":\"proyectran\",\"image\":{\"@type\":\"ImageObject\",\"inLanguage\":\"de-DE\",\"@id\":\"https:\/\/www.loroparque-fundacion.org\/de\/#\/schema\/person\/image\/\",\"url\":\"https:\/\/secure.gravatar.com\/avatar\/22f27b2e9ded79cc79760c97130ee494?s=96&d=mm&r=g\",\"contentUrl\":\"https:\/\/secure.gravatar.com\/avatar\/22f27b2e9ded79cc79760c97130ee494?s=96&d=mm&r=g\",\"caption\":\"proyectran\"},\"sameAs\":[\"https:\/\/www.loroparque-fundacion.org\/wp\"]}]}<\/script>\n<!-- \/ Yoast SEO plugin. -->","yoast_head_json":{"title":"Die Loro Parque Fundaci\u00f3n er\u00f6ffnet an diesem Montag ihren IX. Papageienkongress &#8226; Loro Parque Fundaci\u00f3n","description":"Loro Parque Fundacio\u0301n es una institucio\u0301n internacional sin a\u0301nimo de lucro, concebida para conservar la naturaleza y reserva gene\u0301tica de loros","robots":{"index":"index","follow":"follow","max-snippet":"max-snippet:-1","max-image-preview":"max-image-preview:large","max-video-preview":"max-video-preview:-1"},"canonical":"https:\/\/www.loroparque-fundacion.org\/de\/die-loro-parque-fundacion-eroeffnet-an-diesem-montag-ihren-ix-papageienkongress\/","og_locale":"de_DE","og_type":"article","og_title":"Die Loro Parque Fundaci\u00f3n er\u00f6ffnet an diesem Montag ihren IX. Papageienkongress &#8226; Loro Parque Fundaci\u00f3n","og_description":"Loro Parque Fundacio\u0301n es una institucio\u0301n internacional sin a\u0301nimo de lucro, concebida para conservar la naturaleza y reserva gene\u0301tica de loros","og_url":"https:\/\/www.loroparque-fundacion.org\/de\/die-loro-parque-fundacion-eroeffnet-an-diesem-montag-ihren-ix-papageienkongress\/","og_site_name":"Loro Parque Fundaci\u00f3n","article_publisher":"https:\/\/www.facebook.com\/loroparquefundacion\/","article_published_time":"2018-09-20T10:34:08+00:00","article_modified_time":"2022-08-19T11:16:01+00:00","og_image":[{"url":"https:\/\/www.loroparque-fundacion.org\/app\/uploads\/2018\/09\/Cartel-IX-Congreso-de-Papagayos-2018-212x300.jpg"}],"author":"proyectran","twitter_card":"summary_large_image","twitter_creator":"@lp__fundacion","twitter_site":"@lp__fundacion","twitter_misc":{"Written by":"proyectran","Est. reading time":"2 minutes"},"schema":{"@context":"https:\/\/schema.org","@graph":[{"@type":"Article","@id":"https:\/\/www.loroparque-fundacion.org\/de\/die-loro-parque-fundacion-eroeffnet-an-diesem-montag-ihren-ix-papageienkongress\/#article","isPartOf":{"@id":"https:\/\/www.loroparque-fundacion.org\/de\/die-loro-parque-fundacion-eroeffnet-an-diesem-montag-ihren-ix-papageienkongress\/"},"author":{"name":"proyectran","@id":"https:\/\/www.loroparque-fundacion.org\/de\/#\/schema\/person\/4dbb636839aedad4c1753c9e1a7c45ae"},"headline":"Die Loro Parque Fundaci\u00f3n er\u00f6ffnet an diesem Montag ihren IX. Papageienkongress","datePublished":"2018-09-20T10:34:08+00:00","dateModified":"2022-08-19T11:16:01+00:00","mainEntityOfPage":{"@id":"https:\/\/www.loroparque-fundacion.org\/de\/die-loro-parque-fundacion-eroeffnet-an-diesem-montag-ihren-ix-papageienkongress\/"},"wordCount":357,"commentCount":0,"publisher":{"@id":"https:\/\/www.loroparque-fundacion.org\/de\/#organization"},"image":{"@id":"https:\/\/www.loroparque-fundacion.org\/de\/die-loro-parque-fundacion-eroeffnet-an-diesem-montag-ihren-ix-papageienkongress\/#primaryimage"},"thumbnailUrl":"https:\/\/www.loroparque-fundacion.org\/app\/uploads\/2018\/09\/Cartel-IX-Congreso-de-Papagayos-2018-212x300.jpg","articleSection":["Fundacion_de"],"inLanguage":"de-DE"},{"@type":"WebPage","@id":"https:\/\/www.loroparque-fundacion.org\/de\/die-loro-parque-fundacion-eroeffnet-an-diesem-montag-ihren-ix-papageienkongress\/","url":"https:\/\/www.loroparque-fundacion.org\/de\/die-loro-parque-fundacion-eroeffnet-an-diesem-montag-ihren-ix-papageienkongress\/","name":"Die Loro Parque Fundaci\u00f3n er\u00f6ffnet an diesem Montag ihren IX. Papageienkongress &#8226; Loro Parque Fundaci\u00f3n","isPartOf":{"@id":"https:\/\/www.loroparque-fundacion.org\/de\/#website"},"primaryImageOfPage":{"@id":"https:\/\/www.loroparque-fundacion.org\/de\/die-loro-parque-fundacion-eroeffnet-an-diesem-montag-ihren-ix-papageienkongress\/#primaryimage"},"image":{"@id":"https:\/\/www.loroparque-fundacion.org\/de\/die-loro-parque-fundacion-eroeffnet-an-diesem-montag-ihren-ix-papageienkongress\/#primaryimage"},"thumbnailUrl":"https:\/\/www.loroparque-fundacion.org\/app\/uploads\/2018\/09\/Cartel-IX-Congreso-de-Papagayos-2018-212x300.jpg","datePublished":"2018-09-20T10:34:08+00:00","dateModified":"2022-08-19T11:16:01+00:00","description":"Loro Parque Fundacio\u0301n es una institucio\u0301n internacional sin a\u0301nimo de lucro, concebida para conservar la naturaleza y reserva gene\u0301tica de loros","inLanguage":"de-DE","potentialAction":[{"@type":"ReadAction","target":["https:\/\/www.loroparque-fundacion.org\/de\/die-loro-parque-fundacion-eroeffnet-an-diesem-montag-ihren-ix-papageienkongress\/"]}]},{"@type":"ImageObject","inLanguage":"de-DE","@id":"https:\/\/www.loroparque-fundacion.org\/de\/die-loro-parque-fundacion-eroeffnet-an-diesem-montag-ihren-ix-papageienkongress\/#primaryimage","url":"https:\/\/www.loroparque-fundacion.org\/app\/uploads\/2018\/09\/Cartel-IX-Congreso-de-Papagayos-2018-212x300.jpg","contentUrl":"https:\/\/www.loroparque-fundacion.org\/app\/uploads\/2018\/09\/Cartel-IX-Congreso-de-Papagayos-2018-212x300.jpg"},{"@type":"WebSite","@id":"https:\/\/www.loroparque-fundacion.org\/de\/#website","url":"https:\/\/www.loroparque-fundacion.org\/de\/","name":"Loro Parque Fundaci\u00f3n","description":"We Care - Animal Embassy - Tenerife","publisher":{"@id":"https:\/\/www.loroparque-fundacion.org\/de\/#organization"},"potentialAction":[{"@type":"SearchAction","target":{"@type":"EntryPoint","urlTemplate":"https:\/\/www.loroparque-fundacion.org\/de\/?s={search_term_string}"},"query-input":"required name=search_term_string"}],"inLanguage":"de-DE"},{"@type":"Organization","@id":"https:\/\/www.loroparque-fundacion.org\/de\/#organization","name":"Loro Parque Fundaci\u00f3n","url":"https:\/\/www.loroparque-fundacion.org\/de\/","logo":{"@type":"ImageObject","inLanguage":"de-DE","@id":"https:\/\/www.loroparque-fundacion.org\/de\/#\/schema\/logo\/image\/","url":"https:\/\/www.loroparque-fundacion.org\/app\/uploads\/2022\/08\/destacadaweb.png","contentUrl":"https:\/\/www.loroparque-fundacion.org\/app\/uploads\/2022\/08\/destacadaweb.png","width":500,"height":500,"caption":"Loro Parque Fundaci\u00f3n"},"image":{"@id":"https:\/\/www.loroparque-fundacion.org\/de\/#\/schema\/logo\/image\/"},"sameAs":["https:\/\/www.facebook.com\/loroparquefundacion\/","https:\/\/x.com\/lp__fundacion","https:\/\/www.instagram.com\/loroparque_fundacion\/","https:\/\/www.linkedin.com\/company\/loroparque\/"]},{"@type":"Person","@id":"https:\/\/www.loroparque-fundacion.org\/de\/#\/schema\/person\/4dbb636839aedad4c1753c9e1a7c45ae","name":"proyectran","image":{"@type":"ImageObject","inLanguage":"de-DE","@id":"https:\/\/www.loroparque-fundacion.org\/de\/#\/schema\/person\/image\/","url":"https:\/\/secure.gravatar.com\/avatar\/22f27b2e9ded79cc79760c97130ee494?s=96&d=mm&r=g","contentUrl":"https:\/\/secure.gravatar.com\/avatar\/22f27b2e9ded79cc79760c97130ee494?s=96&d=mm&r=g","caption":"proyectran"},"sameAs":["https:\/\/www.loroparque-fundacion.org\/wp"]}]}},"_links":{"self":[{"href":"https:\/\/www.loroparque-fundacion.org\/de\/wp-json\/wp\/v2\/posts\/7388"}],"collection":[{"href":"https:\/\/www.loroparque-fundacion.org\/de\/wp-json\/wp\/v2\/posts"}],"about":[{"href":"https:\/\/www.loroparque-fundacion.org\/de\/wp-json\/wp\/v2\/types\/post"}],"author":[{"embeddable":true,"href":"https:\/\/www.loroparque-fundacion.org\/de\/wp-json\/wp\/v2\/users\/1"}],"replies":[{"embeddable":true,"href":"https:\/\/www.loroparque-fundacion.org\/de\/wp-json\/wp\/v2\/comments?post=7388"}],"version-history":[{"count":1,"href":"https:\/\/www.loroparque-fundacion.org\/de\/wp-json\/wp\/v2\/posts\/7388\/revisions"}],"predecessor-version":[{"id":46299,"href":"https:\/\/www.loroparque-fundacion.org\/de\/wp-json\/wp\/v2\/posts\/7388\/revisions\/46299"}],"wp:attachment":[{"href":"https:\/\/www.loroparque-fundacion.org\/de\/wp-json\/wp\/v2\/media?parent=7388"}],"wp:term":[{"taxonomy":"category","embeddable":true,"href":"https:\/\/www.loroparque-fundacion.org\/de\/wp-json\/wp\/v2\/categories?post=7388"},{"taxonomy":"post_tag","embeddable":true,"href":"https:\/\/www.loroparque-fundacion.org\/de\/wp-json\/wp\/v2\/tags?post=7388"}],"curies":[{"name":"wp","href":"https:\/\/api.w.org\/{rel}","templated":true}]}}