{"id":7416,"date":"2018-10-29T16:10:41","date_gmt":"2018-10-29T16:10:41","guid":{"rendered":"http:\/\/blog.loroparque.com\/?p=7416"},"modified":"2023-08-14T09:42:18","modified_gmt":"2023-08-14T09:42:18","slug":"die-stiftung-loro-parque-fundacion-moechte-das-verbot-zur-nutzung-militaerischen-sonars-auf-das-gesamte-gebiet-makaronesiens-ausweiten","status":"publish","type":"post","link":"https:\/\/www.loroparque-fundacion.org\/de\/die-stiftung-loro-parque-fundacion-moechte-das-verbot-zur-nutzung-militaerischen-sonars-auf-das-gesamte-gebiet-makaronesiens-ausweiten\/","title":{"rendered":"Die Stiftung Loro Parque Fundaci\u00f3n m\u00f6chte das Verbot zur Nutzung milit\u00e4rischen Sonars auf das gesamte Gebiet Makaronesiens ausweiten"},"content":{"rendered":"<p><a href=\"\/app\/uploads\/2018\/10\/Loro-Parque-Fundacion-moratoria-de-sonar-militar-Macaronesia-1.jpg\" rel=\"prettyPhoto[gallery-HFK9]\"><img decoding=\"async\" class=\"wp-image-7409 aligncenter\" src=\"\/app\/uploads\/2018\/10\/Loro-Parque-Fundacion-moratoria-de-sonar-militar-Macaronesia-1.jpg\" alt=\"\" width=\"670\" height=\"447\" \/><\/a><\/p>\n<p style=\"text-align: justify;\">Die Stiftung Loro Parque Fundaci\u00f3n hat heute, Donnerstag den 25. Oktober, auf der Pressekonferenz zur Pr\u00e4sentation des XIV Foro Internacional de Conservaci\u00f3n de la Naturaleza, XIV. Internationalen Naturschutzforums, seine Absicht angek\u00fcndigt, sich daf\u00fcr einzusetzen, dass das Verbot zur Nutzung des milit\u00e4rischen Mittelfrequenz-Sonars, das in kanarischen Gew\u00e4ssern besteht, auf den gesamten zentralatlantischen Bereich Makaronesiens ausgeweitet wird. Die Initiative, die einstimmig von der Kanarenregierung sowie von den Europaabgeordneten der Ultraperipheren Regionen Europas\u00a0 unterst\u00fctzt wird, bedeutet einen wichtigen Schritt zum Schutz der Cetaceen in dieser Region.<\/p>\n<p style=\"text-align: justify;\">Im Rahmen der Pr\u00e4sentation waren die Vizer\u00e4tin f\u00fcr Umweltschutz der Kanaren, Blanca Delia P\u00e9rez, der Pr\u00e4sident des spanischen Kommitees der Internationalen Naturschutzunion (UICN), Juan Antonio L\u00f3pez, und der Pr\u00e4sident der \u00a0Loro Parque Fundaci\u00f3n, Christoph Kiessling anwesend. In diesem Jahr ist die Stiftung der Gastgeber des Forums, das im \u00a0Hotel Bot\u00e1nico in \u00a0Puerto de la Cruz gefeiert wird und auf dem auch die Auswirkungen des Klimawandels sowie der exotischen, invasiven Arten im Meer er\u00f6rtert werden.<\/p>\n<p style=\"text-align: justify;\"><a href=\"\/app\/uploads\/2018\/10\/Loro-Parque-Fundacion-moratoria-de-sonar-militar-Macaronesia-2.jpg\" rel=\"prettyPhoto[gallery-HFK9]\"><img decoding=\"async\" class=\"aligncenter wp-image-7404\" src=\"\/app\/uploads\/2018\/10\/Loro-Parque-Fundacion-moratoria-de-sonar-militar-Macaronesia-2-1024x683.jpg\" alt=\"\" width=\"692\" height=\"461\" \/><\/a><\/p>\n<p style=\"text-align: justify;\">Deshalb war das Treffen die ideale Gelegenheit, um ein Projekt anzuk\u00fcndigen, das die Cetaceen vor den Verhaltenver\u00e4nderungen durch Sonareinfl\u00fc\u00dfe sch\u00fctzen soll und in der Konsequenz\u00a0 die Zahl der Verletzungen und Strandungen, die direkt mit Marineman\u00f6vern in makaronesischen Gew\u00e4ssern in Verbindung stehen, zu reduzieren.<\/p>\n<p style=\"text-align: justify;\"><strong>Nachweislicher Erfolg auf den Kanaren<\/strong><\/p>\n<p style=\"text-align: justify;\">Nachdem die direkte Verbindung zwischen Strandungen von Cetaceen &#8211; sowie verschiedene Verletzungen \u2013 mit Marineman\u00f6vern und den Sonarger\u00e4uschen nachgewiesen wurde und hat die spanische Zentralregierung im November 2004, einer Empfehlung des Europaparlament folgend, \u00a0ein Moratorium zur Nutzung des Marinesonars in kanarischen Gew\u00e4ssern ausgerufen. In den letzten 14 Jahren, seit Inkrafttreten des Verbots hat es keine massiven, atypischen Strandungen auf den Inseln mehr gegeben, was eindeutig die Effizienz dieser Minderungsma\u00dfnahme beweist.<\/p>\n<p style=\"text-align: justify;\">Die Ausweitung dieses Verbotes auf die \u00fcbrigen L\u00e4nder in dieser Region w\u00fcrde einen effektiven Schutz von \u00fcber 3,5 Millionen Quadatkilometer bedeuten, was 85 Prozent des Hauptverbreitungsgebietes der Meeress\u00e4uger in Makaronesien ausmacht.<\/p>\n","protected":false},"excerpt":{"rendered":"<p>Die Stiftung Loro Parque Fundaci\u00f3n hat heute, Donnerstag den 25. Oktober, auf der Pressekonferenz zur&#8230;<\/p>\n","protected":false},"author":1,"featured_media":7399,"comment_status":"closed","ping_status":"closed","sticky":false,"template":"","format":"standard","meta":{"footnotes":""},"categories":[1601],"tags":[],"yoast_head":"<!-- This site is optimized with the Yoast SEO plugin v23.0 - https:\/\/yoast.com\/wordpress\/plugins\/seo\/ -->\n<title>Die Stiftung Loro Parque Fundaci\u00f3n m\u00f6chte das Verbot zur Nutzung milit\u00e4rischen Sonars auf das gesamte Gebiet Makaronesiens ausweiten &#8226; Loro Parque Fundaci\u00f3n<\/title>\n<meta name=\"description\" content=\"Loro Parque Fundacio\u0301n es una institucio\u0301n internacional sin a\u0301nimo de lucro, concebida para conservar la naturaleza y reserva gene\u0301tica de loros\" \/>\n<meta name=\"robots\" content=\"index, follow, max-snippet:-1, max-image-preview:large, max-video-preview:-1\" \/>\n<link rel=\"canonical\" href=\"https:\/\/www.loroparque-fundacion.org\/de\/die-stiftung-loro-parque-fundacion-moechte-das-verbot-zur-nutzung-militaerischen-sonars-auf-das-gesamte-gebiet-makaronesiens-ausweiten\/\" \/>\n<meta property=\"og:locale\" content=\"de_DE\" \/>\n<meta property=\"og:type\" content=\"article\" \/>\n<meta property=\"og:title\" content=\"Die Stiftung Loro Parque Fundaci\u00f3n m\u00f6chte das Verbot zur Nutzung milit\u00e4rischen Sonars auf das gesamte Gebiet Makaronesiens ausweiten &#8226; Loro Parque Fundaci\u00f3n\" \/>\n<meta property=\"og:description\" content=\"Loro Parque Fundacio\u0301n es una institucio\u0301n internacional sin a\u0301nimo de lucro, concebida para conservar la naturaleza y reserva gene\u0301tica de loros\" \/>\n<meta property=\"og:url\" content=\"https:\/\/www.loroparque-fundacion.org\/de\/die-stiftung-loro-parque-fundacion-moechte-das-verbot-zur-nutzung-militaerischen-sonars-auf-das-gesamte-gebiet-makaronesiens-ausweiten\/\" \/>\n<meta property=\"og:site_name\" content=\"Loro Parque Fundaci\u00f3n\" \/>\n<meta property=\"article:publisher\" content=\"https:\/\/www.facebook.com\/loroparquefundacion\/\" \/>\n<meta property=\"article:published_time\" content=\"2018-10-29T16:10:41+00:00\" \/>\n<meta property=\"article:modified_time\" content=\"2023-08-14T09:42:18+00:00\" \/>\n<meta property=\"og:image\" content=\"https:\/\/www.loroparque-fundacion.org\/app\/uploads\/2018\/10\/Loro-Parque-Fundacion-moratoria-de-sonar-militar-Macaronesia-1-scaled.jpg\" \/>\n\t<meta property=\"og:image:width\" content=\"2560\" \/>\n\t<meta property=\"og:image:height\" content=\"1708\" \/>\n\t<meta property=\"og:image:type\" content=\"image\/jpeg\" \/>\n<meta name=\"author\" content=\"proyectran\" \/>\n<meta name=\"twitter:card\" content=\"summary_large_image\" \/>\n<meta name=\"twitter:creator\" content=\"@lp__fundacion\" \/>\n<meta name=\"twitter:site\" content=\"@lp__fundacion\" \/>\n<meta name=\"twitter:label1\" content=\"Written by\" \/>\n\t<meta name=\"twitter:data1\" content=\"proyectran\" \/>\n\t<meta name=\"twitter:label2\" content=\"Est. reading time\" \/>\n\t<meta name=\"twitter:data2\" content=\"2 minutes\" \/>\n<script type=\"application\/ld+json\" class=\"yoast-schema-graph\">{\"@context\":\"https:\/\/schema.org\",\"@graph\":[{\"@type\":\"Article\",\"@id\":\"https:\/\/www.loroparque-fundacion.org\/de\/die-stiftung-loro-parque-fundacion-moechte-das-verbot-zur-nutzung-militaerischen-sonars-auf-das-gesamte-gebiet-makaronesiens-ausweiten\/#article\",\"isPartOf\":{\"@id\":\"https:\/\/www.loroparque-fundacion.org\/de\/die-stiftung-loro-parque-fundacion-moechte-das-verbot-zur-nutzung-militaerischen-sonars-auf-das-gesamte-gebiet-makaronesiens-ausweiten\/\"},\"author\":{\"name\":\"proyectran\",\"@id\":\"https:\/\/www.loroparque-fundacion.org\/de\/#\/schema\/person\/4dbb636839aedad4c1753c9e1a7c45ae\"},\"headline\":\"Die Stiftung Loro Parque Fundaci\u00f3n m\u00f6chte das Verbot zur Nutzung milit\u00e4rischen Sonars auf das gesamte Gebiet Makaronesiens ausweiten\",\"datePublished\":\"2018-10-29T16:10:41+00:00\",\"dateModified\":\"2023-08-14T09:42:18+00:00\",\"mainEntityOfPage\":{\"@id\":\"https:\/\/www.loroparque-fundacion.org\/de\/die-stiftung-loro-parque-fundacion-moechte-das-verbot-zur-nutzung-militaerischen-sonars-auf-das-gesamte-gebiet-makaronesiens-ausweiten\/\"},\"wordCount\":352,\"publisher\":{\"@id\":\"https:\/\/www.loroparque-fundacion.org\/de\/#organization\"},\"image\":{\"@id\":\"https:\/\/www.loroparque-fundacion.org\/de\/die-stiftung-loro-parque-fundacion-moechte-das-verbot-zur-nutzung-militaerischen-sonars-auf-das-gesamte-gebiet-makaronesiens-ausweiten\/#primaryimage\"},\"thumbnailUrl\":\"https:\/\/www.loroparque-fundacion.org\/app\/uploads\/2018\/10\/Loro-Parque-Fundacion-moratoria-de-sonar-militar-Macaronesia-1-scaled.jpg\",\"articleSection\":[\"Fundacion_de\"],\"inLanguage\":\"de-DE\"},{\"@type\":\"WebPage\",\"@id\":\"https:\/\/www.loroparque-fundacion.org\/de\/die-stiftung-loro-parque-fundacion-moechte-das-verbot-zur-nutzung-militaerischen-sonars-auf-das-gesamte-gebiet-makaronesiens-ausweiten\/\",\"url\":\"https:\/\/www.loroparque-fundacion.org\/de\/die-stiftung-loro-parque-fundacion-moechte-das-verbot-zur-nutzung-militaerischen-sonars-auf-das-gesamte-gebiet-makaronesiens-ausweiten\/\",\"name\":\"Die Stiftung Loro Parque Fundaci\u00f3n m\u00f6chte das Verbot zur Nutzung milit\u00e4rischen Sonars auf das gesamte Gebiet Makaronesiens ausweiten &#8226; Loro Parque Fundaci\u00f3n\",\"isPartOf\":{\"@id\":\"https:\/\/www.loroparque-fundacion.org\/de\/#website\"},\"primaryImageOfPage\":{\"@id\":\"https:\/\/www.loroparque-fundacion.org\/de\/die-stiftung-loro-parque-fundacion-moechte-das-verbot-zur-nutzung-militaerischen-sonars-auf-das-gesamte-gebiet-makaronesiens-ausweiten\/#primaryimage\"},\"image\":{\"@id\":\"https:\/\/www.loroparque-fundacion.org\/de\/die-stiftung-loro-parque-fundacion-moechte-das-verbot-zur-nutzung-militaerischen-sonars-auf-das-gesamte-gebiet-makaronesiens-ausweiten\/#primaryimage\"},\"thumbnailUrl\":\"https:\/\/www.loroparque-fundacion.org\/app\/uploads\/2018\/10\/Loro-Parque-Fundacion-moratoria-de-sonar-militar-Macaronesia-1-scaled.jpg\",\"datePublished\":\"2018-10-29T16:10:41+00:00\",\"dateModified\":\"2023-08-14T09:42:18+00:00\",\"description\":\"Loro Parque Fundacio\u0301n es una institucio\u0301n internacional sin a\u0301nimo de lucro, concebida para conservar la naturaleza y reserva gene\u0301tica de loros\",\"inLanguage\":\"de-DE\",\"potentialAction\":[{\"@type\":\"ReadAction\",\"target\":[\"https:\/\/www.loroparque-fundacion.org\/de\/die-stiftung-loro-parque-fundacion-moechte-das-verbot-zur-nutzung-militaerischen-sonars-auf-das-gesamte-gebiet-makaronesiens-ausweiten\/\"]}]},{\"@type\":\"ImageObject\",\"inLanguage\":\"de-DE\",\"@id\":\"https:\/\/www.loroparque-fundacion.org\/de\/die-stiftung-loro-parque-fundacion-moechte-das-verbot-zur-nutzung-militaerischen-sonars-auf-das-gesamte-gebiet-makaronesiens-ausweiten\/#primaryimage\",\"url\":\"https:\/\/www.loroparque-fundacion.org\/app\/uploads\/2018\/10\/Loro-Parque-Fundacion-moratoria-de-sonar-militar-Macaronesia-1-scaled.jpg\",\"contentUrl\":\"https:\/\/www.loroparque-fundacion.org\/app\/uploads\/2018\/10\/Loro-Parque-Fundacion-moratoria-de-sonar-militar-Macaronesia-1-scaled.jpg\",\"width\":2560,\"height\":1708},{\"@type\":\"WebSite\",\"@id\":\"https:\/\/www.loroparque-fundacion.org\/de\/#website\",\"url\":\"https:\/\/www.loroparque-fundacion.org\/de\/\",\"name\":\"Loro Parque Fundaci\u00f3n\",\"description\":\"We Care - Animal Embassy - Tenerife\",\"publisher\":{\"@id\":\"https:\/\/www.loroparque-fundacion.org\/de\/#organization\"},\"potentialAction\":[{\"@type\":\"SearchAction\",\"target\":{\"@type\":\"EntryPoint\",\"urlTemplate\":\"https:\/\/www.loroparque-fundacion.org\/de\/?s={search_term_string}\"},\"query-input\":\"required name=search_term_string\"}],\"inLanguage\":\"de-DE\"},{\"@type\":\"Organization\",\"@id\":\"https:\/\/www.loroparque-fundacion.org\/de\/#organization\",\"name\":\"Loro Parque Fundaci\u00f3n\",\"url\":\"https:\/\/www.loroparque-fundacion.org\/de\/\",\"logo\":{\"@type\":\"ImageObject\",\"inLanguage\":\"de-DE\",\"@id\":\"https:\/\/www.loroparque-fundacion.org\/de\/#\/schema\/logo\/image\/\",\"url\":\"https:\/\/www.loroparque-fundacion.org\/app\/uploads\/2022\/08\/destacadaweb.png\",\"contentUrl\":\"https:\/\/www.loroparque-fundacion.org\/app\/uploads\/2022\/08\/destacadaweb.png\",\"width\":500,\"height\":500,\"caption\":\"Loro Parque Fundaci\u00f3n\"},\"image\":{\"@id\":\"https:\/\/www.loroparque-fundacion.org\/de\/#\/schema\/logo\/image\/\"},\"sameAs\":[\"https:\/\/www.facebook.com\/loroparquefundacion\/\",\"https:\/\/x.com\/lp__fundacion\",\"https:\/\/www.instagram.com\/loroparque_fundacion\/\",\"https:\/\/www.linkedin.com\/company\/loroparque\/\"]},{\"@type\":\"Person\",\"@id\":\"https:\/\/www.loroparque-fundacion.org\/de\/#\/schema\/person\/4dbb636839aedad4c1753c9e1a7c45ae\",\"name\":\"proyectran\",\"image\":{\"@type\":\"ImageObject\",\"inLanguage\":\"de-DE\",\"@id\":\"https:\/\/www.loroparque-fundacion.org\/de\/#\/schema\/person\/image\/\",\"url\":\"https:\/\/secure.gravatar.com\/avatar\/22f27b2e9ded79cc79760c97130ee494?s=96&d=mm&r=g\",\"contentUrl\":\"https:\/\/secure.gravatar.com\/avatar\/22f27b2e9ded79cc79760c97130ee494?s=96&d=mm&r=g\",\"caption\":\"proyectran\"},\"sameAs\":[\"https:\/\/www.loroparque-fundacion.org\/wp\"]}]}<\/script>\n<!-- \/ Yoast SEO plugin. -->","yoast_head_json":{"title":"Die Stiftung Loro Parque Fundaci\u00f3n m\u00f6chte das Verbot zur Nutzung milit\u00e4rischen Sonars auf das gesamte Gebiet Makaronesiens ausweiten &#8226; Loro Parque Fundaci\u00f3n","description":"Loro Parque Fundacio\u0301n es una institucio\u0301n internacional sin a\u0301nimo de lucro, concebida para conservar la naturaleza y reserva gene\u0301tica de loros","robots":{"index":"index","follow":"follow","max-snippet":"max-snippet:-1","max-image-preview":"max-image-preview:large","max-video-preview":"max-video-preview:-1"},"canonical":"https:\/\/www.loroparque-fundacion.org\/de\/die-stiftung-loro-parque-fundacion-moechte-das-verbot-zur-nutzung-militaerischen-sonars-auf-das-gesamte-gebiet-makaronesiens-ausweiten\/","og_locale":"de_DE","og_type":"article","og_title":"Die Stiftung Loro Parque Fundaci\u00f3n m\u00f6chte das Verbot zur Nutzung milit\u00e4rischen Sonars auf das gesamte Gebiet Makaronesiens ausweiten &#8226; Loro Parque Fundaci\u00f3n","og_description":"Loro Parque Fundacio\u0301n es una institucio\u0301n internacional sin a\u0301nimo de lucro, concebida para conservar la naturaleza y reserva gene\u0301tica de loros","og_url":"https:\/\/www.loroparque-fundacion.org\/de\/die-stiftung-loro-parque-fundacion-moechte-das-verbot-zur-nutzung-militaerischen-sonars-auf-das-gesamte-gebiet-makaronesiens-ausweiten\/","og_site_name":"Loro Parque Fundaci\u00f3n","article_publisher":"https:\/\/www.facebook.com\/loroparquefundacion\/","article_published_time":"2018-10-29T16:10:41+00:00","article_modified_time":"2023-08-14T09:42:18+00:00","og_image":[{"width":2560,"height":1708,"url":"https:\/\/www.loroparque-fundacion.org\/app\/uploads\/2018\/10\/Loro-Parque-Fundacion-moratoria-de-sonar-militar-Macaronesia-1-scaled.jpg","type":"image\/jpeg"}],"author":"proyectran","twitter_card":"summary_large_image","twitter_creator":"@lp__fundacion","twitter_site":"@lp__fundacion","twitter_misc":{"Written by":"proyectran","Est. reading time":"2 minutes"},"schema":{"@context":"https:\/\/schema.org","@graph":[{"@type":"Article","@id":"https:\/\/www.loroparque-fundacion.org\/de\/die-stiftung-loro-parque-fundacion-moechte-das-verbot-zur-nutzung-militaerischen-sonars-auf-das-gesamte-gebiet-makaronesiens-ausweiten\/#article","isPartOf":{"@id":"https:\/\/www.loroparque-fundacion.org\/de\/die-stiftung-loro-parque-fundacion-moechte-das-verbot-zur-nutzung-militaerischen-sonars-auf-das-gesamte-gebiet-makaronesiens-ausweiten\/"},"author":{"name":"proyectran","@id":"https:\/\/www.loroparque-fundacion.org\/de\/#\/schema\/person\/4dbb636839aedad4c1753c9e1a7c45ae"},"headline":"Die Stiftung Loro Parque Fundaci\u00f3n m\u00f6chte das Verbot zur Nutzung milit\u00e4rischen Sonars auf das gesamte Gebiet Makaronesiens ausweiten","datePublished":"2018-10-29T16:10:41+00:00","dateModified":"2023-08-14T09:42:18+00:00","mainEntityOfPage":{"@id":"https:\/\/www.loroparque-fundacion.org\/de\/die-stiftung-loro-parque-fundacion-moechte-das-verbot-zur-nutzung-militaerischen-sonars-auf-das-gesamte-gebiet-makaronesiens-ausweiten\/"},"wordCount":352,"publisher":{"@id":"https:\/\/www.loroparque-fundacion.org\/de\/#organization"},"image":{"@id":"https:\/\/www.loroparque-fundacion.org\/de\/die-stiftung-loro-parque-fundacion-moechte-das-verbot-zur-nutzung-militaerischen-sonars-auf-das-gesamte-gebiet-makaronesiens-ausweiten\/#primaryimage"},"thumbnailUrl":"https:\/\/www.loroparque-fundacion.org\/app\/uploads\/2018\/10\/Loro-Parque-Fundacion-moratoria-de-sonar-militar-Macaronesia-1-scaled.jpg","articleSection":["Fundacion_de"],"inLanguage":"de-DE"},{"@type":"WebPage","@id":"https:\/\/www.loroparque-fundacion.org\/de\/die-stiftung-loro-parque-fundacion-moechte-das-verbot-zur-nutzung-militaerischen-sonars-auf-das-gesamte-gebiet-makaronesiens-ausweiten\/","url":"https:\/\/www.loroparque-fundacion.org\/de\/die-stiftung-loro-parque-fundacion-moechte-das-verbot-zur-nutzung-militaerischen-sonars-auf-das-gesamte-gebiet-makaronesiens-ausweiten\/","name":"Die Stiftung Loro Parque Fundaci\u00f3n m\u00f6chte das Verbot zur Nutzung milit\u00e4rischen Sonars auf das gesamte Gebiet Makaronesiens ausweiten &#8226; Loro Parque Fundaci\u00f3n","isPartOf":{"@id":"https:\/\/www.loroparque-fundacion.org\/de\/#website"},"primaryImageOfPage":{"@id":"https:\/\/www.loroparque-fundacion.org\/de\/die-stiftung-loro-parque-fundacion-moechte-das-verbot-zur-nutzung-militaerischen-sonars-auf-das-gesamte-gebiet-makaronesiens-ausweiten\/#primaryimage"},"image":{"@id":"https:\/\/www.loroparque-fundacion.org\/de\/die-stiftung-loro-parque-fundacion-moechte-das-verbot-zur-nutzung-militaerischen-sonars-auf-das-gesamte-gebiet-makaronesiens-ausweiten\/#primaryimage"},"thumbnailUrl":"https:\/\/www.loroparque-fundacion.org\/app\/uploads\/2018\/10\/Loro-Parque-Fundacion-moratoria-de-sonar-militar-Macaronesia-1-scaled.jpg","datePublished":"2018-10-29T16:10:41+00:00","dateModified":"2023-08-14T09:42:18+00:00","description":"Loro Parque Fundacio\u0301n es una institucio\u0301n internacional sin a\u0301nimo de lucro, concebida para conservar la naturaleza y reserva gene\u0301tica de loros","inLanguage":"de-DE","potentialAction":[{"@type":"ReadAction","target":["https:\/\/www.loroparque-fundacion.org\/de\/die-stiftung-loro-parque-fundacion-moechte-das-verbot-zur-nutzung-militaerischen-sonars-auf-das-gesamte-gebiet-makaronesiens-ausweiten\/"]}]},{"@type":"ImageObject","inLanguage":"de-DE","@id":"https:\/\/www.loroparque-fundacion.org\/de\/die-stiftung-loro-parque-fundacion-moechte-das-verbot-zur-nutzung-militaerischen-sonars-auf-das-gesamte-gebiet-makaronesiens-ausweiten\/#primaryimage","url":"https:\/\/www.loroparque-fundacion.org\/app\/uploads\/2018\/10\/Loro-Parque-Fundacion-moratoria-de-sonar-militar-Macaronesia-1-scaled.jpg","contentUrl":"https:\/\/www.loroparque-fundacion.org\/app\/uploads\/2018\/10\/Loro-Parque-Fundacion-moratoria-de-sonar-militar-Macaronesia-1-scaled.jpg","width":2560,"height":1708},{"@type":"WebSite","@id":"https:\/\/www.loroparque-fundacion.org\/de\/#website","url":"https:\/\/www.loroparque-fundacion.org\/de\/","name":"Loro Parque Fundaci\u00f3n","description":"We Care - Animal Embassy - Tenerife","publisher":{"@id":"https:\/\/www.loroparque-fundacion.org\/de\/#organization"},"potentialAction":[{"@type":"SearchAction","target":{"@type":"EntryPoint","urlTemplate":"https:\/\/www.loroparque-fundacion.org\/de\/?s={search_term_string}"},"query-input":"required name=search_term_string"}],"inLanguage":"de-DE"},{"@type":"Organization","@id":"https:\/\/www.loroparque-fundacion.org\/de\/#organization","name":"Loro Parque Fundaci\u00f3n","url":"https:\/\/www.loroparque-fundacion.org\/de\/","logo":{"@type":"ImageObject","inLanguage":"de-DE","@id":"https:\/\/www.loroparque-fundacion.org\/de\/#\/schema\/logo\/image\/","url":"https:\/\/www.loroparque-fundacion.org\/app\/uploads\/2022\/08\/destacadaweb.png","contentUrl":"https:\/\/www.loroparque-fundacion.org\/app\/uploads\/2022\/08\/destacadaweb.png","width":500,"height":500,"caption":"Loro Parque Fundaci\u00f3n"},"image":{"@id":"https:\/\/www.loroparque-fundacion.org\/de\/#\/schema\/logo\/image\/"},"sameAs":["https:\/\/www.facebook.com\/loroparquefundacion\/","https:\/\/x.com\/lp__fundacion","https:\/\/www.instagram.com\/loroparque_fundacion\/","https:\/\/www.linkedin.com\/company\/loroparque\/"]},{"@type":"Person","@id":"https:\/\/www.loroparque-fundacion.org\/de\/#\/schema\/person\/4dbb636839aedad4c1753c9e1a7c45ae","name":"proyectran","image":{"@type":"ImageObject","inLanguage":"de-DE","@id":"https:\/\/www.loroparque-fundacion.org\/de\/#\/schema\/person\/image\/","url":"https:\/\/secure.gravatar.com\/avatar\/22f27b2e9ded79cc79760c97130ee494?s=96&d=mm&r=g","contentUrl":"https:\/\/secure.gravatar.com\/avatar\/22f27b2e9ded79cc79760c97130ee494?s=96&d=mm&r=g","caption":"proyectran"},"sameAs":["https:\/\/www.loroparque-fundacion.org\/wp"]}]}},"_links":{"self":[{"href":"https:\/\/www.loroparque-fundacion.org\/de\/wp-json\/wp\/v2\/posts\/7416"}],"collection":[{"href":"https:\/\/www.loroparque-fundacion.org\/de\/wp-json\/wp\/v2\/posts"}],"about":[{"href":"https:\/\/www.loroparque-fundacion.org\/de\/wp-json\/wp\/v2\/types\/post"}],"author":[{"embeddable":true,"href":"https:\/\/www.loroparque-fundacion.org\/de\/wp-json\/wp\/v2\/users\/1"}],"replies":[{"embeddable":true,"href":"https:\/\/www.loroparque-fundacion.org\/de\/wp-json\/wp\/v2\/comments?post=7416"}],"version-history":[{"count":2,"href":"https:\/\/www.loroparque-fundacion.org\/de\/wp-json\/wp\/v2\/posts\/7416\/revisions"}],"predecessor-version":[{"id":53455,"href":"https:\/\/www.loroparque-fundacion.org\/de\/wp-json\/wp\/v2\/posts\/7416\/revisions\/53455"}],"wp:featuredmedia":[{"embeddable":true,"href":"https:\/\/www.loroparque-fundacion.org\/de\/wp-json\/wp\/v2\/media\/7399"}],"wp:attachment":[{"href":"https:\/\/www.loroparque-fundacion.org\/de\/wp-json\/wp\/v2\/media?parent=7416"}],"wp:term":[{"taxonomy":"category","embeddable":true,"href":"https:\/\/www.loroparque-fundacion.org\/de\/wp-json\/wp\/v2\/categories?post=7416"},{"taxonomy":"post_tag","embeddable":true,"href":"https:\/\/www.loroparque-fundacion.org\/de\/wp-json\/wp\/v2\/tags?post=7416"}],"curies":[{"name":"wp","href":"https:\/\/api.w.org\/{rel}","templated":true}]}}