{"id":8001,"date":"2019-02-18T14:32:49","date_gmt":"2019-02-18T14:32:49","guid":{"rendered":"http:\/\/blog.loroparque.com\/?p=8001"},"modified":"2022-08-19T11:15:37","modified_gmt":"2022-08-19T11:15:37","slug":"der-stiftung-loro-parque-fundacion-gelingt-es-6-vom-aussterben-bedrohte-papageien-die-auf-teneriffa-geboren-wurden-nach-brasilien-zu-bringen-wo-sie-in-ihrem-natuerlichen-habitat-frei-fliegen","status":"publish","type":"post","link":"https:\/\/www.loroparque-fundacion.org\/de\/der-stiftung-loro-parque-fundacion-gelingt-es-6-vom-aussterben-bedrohte-papageien-die-auf-teneriffa-geboren-wurden-nach-brasilien-zu-bringen-wo-sie-in-ihrem-natuerlichen-habitat-frei-fliegen\/","title":{"rendered":"Der Stiftung Loro Parque Fundaci\u00f3n gelingt es, 6 vom Aussterben bedrohte Papageien, die auf Teneriffa geboren wurden, nach Brasilien zu bringen, wo sie in ihrem nat\u00fcrlichen Habitat frei fliegen"},"content":{"rendered":"<div id=\"attachment_7992\" style=\"width: 610px\" class=\"wp-caption alignnone\"><a href=\"https:\/\/www.loroparque-fundacion.org\/app\/uploads\/2019\/02\/Primer-vuelo-Joao-Marcos-Rosa.jpg\" rel=\"prettyPhoto[gallery-upJv]\"><img decoding=\"async\" aria-describedby=\"caption-attachment-7992\" class=\"wp-image-7992\" src=\"https:\/\/www.loroparque-fundacion.org\/app\/uploads\/2019\/02\/Primer-vuelo-Joao-Marcos-Rosa-300x200.jpg\" alt=\"\" width=\"600\" height=\"400\" \/><\/a><p id=\"caption-attachment-7992\" class=\"wp-caption-text\">Fotografie: Joao Marcos Rosa<\/p><\/div>\n<p align=\"justify\">Die sechs Exemplare des Lear Aras (<em>Anodorhynchus leari<\/em>), die in der Anlage der Loro Parque Fundaci\u00f3n geboren wurden, wurden im August letzten Jahres nach Brasilien gebracht, um sie dort in ihrem nat\u00fcrlichen Lebensraum auszuwildern. Sie haben sich gut an die harten Lebensbedingungen ihre Lebensraums, in der Caatinga, angepasst und fliegen bereits durch die W\u00e4lder. Dieses Projekt ist eines der Wichtigsten der Stiftung, was bewirkt hat, dass der Gef\u00e4hrdungsgrad auf der Roten Liste der Internationalen Union zum Erhalt der Natur (UICN) von \u201ekritisch gef\u00e4hrdet\u201c in \u201egef\u00e4hrdet\u201c heruntergestuft werden konnte.<\/p>\n<p align=\"justify\">Der Schutz und die progressive Erholung des Bestandes dieser Art war ein langer und arbeitsreicher Weg, auf dem vor allem die Arbeit \u2018ex situ\u2019, die in der Loro Parque Fundaci\u00f3n geleistet wurde, hervorzuheben ist. Die brasilianische Regierung hat der Stiftung vor 13 Jahren, im Jahr 2006, zwei Paare \u00fcberlassen, mit dem Ziel, sie zu z\u00fcchten und so die Art vor dem Aussterben zu retten. Sie befanden sich damals in einer \u00e4hnlich kritischen Situation wie die Spix-Aras, die inzwischen in der Natur ausgerottet sind.<\/p>\n<p align=\"justify\">Innerhalb von sechs Monaten gelang es, die Papageien zur Fortpflanzung anzuregen. Seitdem wurden auf Teneriffa \u00fcber 30 Exemplare aufgezogen. Wenngleich das Ziel der Stiftung immer war, sie in ihren nat\u00fcrlichen Lebensraum zur\u00fcckzubringen und dort ihre Nachhaltigkeit zu garantieren. Auf diese Weise wurden im Laufe der Zeit insgesamt 15 Exemplare zur\u00fcckgeschickt., von denen 9 an einem nationalen Aktionsplan zum Erhalt der Art teilnehmen, wodurch der Bestand sp\u00fcrbar vergr\u00f6\u00dfert werden konnte.<\/p>\n<div id=\"attachment_7986\" style=\"width: 610px\" class=\"wp-caption alignnone\"><a href=\"https:\/\/www.loroparque-fundacion.org\/app\/uploads\/2019\/02\/El-grupo-sale-de-forma-gradual-al-habitat-Foto-Joao-Marcos-Rosa.jpg\" rel=\"prettyPhoto[gallery-upJv]\"><img decoding=\"async\" aria-describedby=\"caption-attachment-7986\" class=\"wp-image-7986\" src=\"https:\/\/www.loroparque-fundacion.org\/app\/uploads\/2019\/02\/El-grupo-sale-de-forma-gradual-al-habitat-Foto-Joao-Marcos-Rosa-300x200.jpg\" alt=\"\" width=\"600\" height=\"400\" \/><\/a><p id=\"caption-attachment-7986\" class=\"wp-caption-text\">Fotografie: Joao Marcos Rosa<\/p><\/div>\n<p align=\"justify\">Die letzten sechs Individuen, die nach Brasilien gekommen sind, haben eine Anpassungsphase in einer gro\u00dfen Freiflugvoliere mit genau der gleichen Arten\u00f6kologie.\u00a0 verbracht, die mitten in ihrem nat\u00fcrlichen Umfeld integriert wurde. Dort konnten sie sich an die Ger\u00e4usche der Natur und die Lebensbedingungen dieses Gebietes, in dem der Lear-Ara zuhause ist, gew\u00f6hnen.<\/p>\n<p align=\"justify\">W\u00e4hrend dieses Eingliederungprozesses galt es f\u00fcr das Team des Projeks verschiedene Ziele zu erreichen: wie sich daran zu gew\u00f6hnen die Fr\u00fcchte der Licuri-Palme zu fressen \u2013 von der sich die Art ern\u00e4hrt \u2013 und das in der gleichen Geschwindigkeit, wie es die wilden Tiere tun, denn sie waren eine weichere Nahrung gewohnt. Oder dass sie aufh\u00f6ren Wasser aus dem Spender zu trinken und stattdessen die Palmfr\u00fcchte zur Deckung ihres Wasserhaushalts zu nutzen. Alle diese Herausforderungen haben sie wunderbar und erfolgreich gemeistert. Gleichzeitig wurde daran gearbeitet ihre kardio-respirative Kapazit\u00e4t zu erh\u00f6hen und zu trainieren, auf die Ger\u00e4usche m\u00f6glicher J\u00e4ger zu achten.<\/p>\n<p align=\"justify\">Es gab ein Exemplar, das von den sechs Papageien am entschlossensten und am neugierigsten war und als Erster das \u2018soft release\u2019-Gehege\u00a0 verlie\u00df, um die Gegend zu inspizieren und die Vorhut f\u00fcr den Rest der Gruppe zu sein. In diesem Fall, und zu seiner Sicherheit, wurde er bei den ersten Fl\u00fcgen mit einem Ortungsger\u00e4t versehen, das seine Bewegungen registrierte. Nachdem er die Entfernungen gemeistert hatte und sicher in das Gehege zur\u00fcckkam, wurde die T\u00fcr auch f\u00fcr die anderen ge\u00f6ffnet.<\/p>\n<div id=\"attachment_7999\" style=\"width: 610px\" class=\"wp-caption alignnone\"><a href=\"https:\/\/www.loroparque-fundacion.org\/app\/uploads\/2019\/02\/Foto-Joao-Marcos-Rosa.jpg\" rel=\"prettyPhoto[gallery-upJv]\"><img decoding=\"async\" aria-describedby=\"caption-attachment-7999\" class=\"wp-image-7999\" src=\"https:\/\/www.loroparque-fundacion.org\/app\/uploads\/2019\/02\/Foto-Joao-Marcos-Rosa-300x200.jpg\" alt=\"\" width=\"600\" height=\"400\" \/><\/a><p id=\"caption-attachment-7999\" class=\"wp-caption-text\">Fotografie: Joao Marcos Rosa<\/p><\/div>\n<p align=\"justify\">Auf naheliegenden Palmen wurden gro\u00dfe Rationen Licuri-Fr\u00fcchte hinterlegt, um zu vermeiden, dass die Tiere, w\u00e4hrend ihrer ersten Erfahrungen in dem neuen Umfeld, auf der Suche nach Nahrung gro\u00dfe Anstrengungen unternehmen m\u00fcssten. Auf diese Weise konnten sie allm\u00e4hlich die Voliere verlassen und fanden drau\u00dfen sehr \u00e4hnliche Verh\u00e4ltnisse vor, ohne gro\u00dfe Strecken zur\u00fccklegen zu m\u00fcssen.<\/p>\n<p align=\"justify\">Mit diesem gro\u00dfen Schritt schaffte der Lear-Ara eine der wichtigsten Phase zur Erholung der Art und die Integration in das nat\u00fcrliche Umfeld, wobei er weiterhin von den brasilianischen Wissenschaftlern vor Ort beobachtet wird. Federf\u00fchrende des Projektes ist die Biologin Erica Pac\u00edfico, Generaldirektorin des Auswilderungsprojekts, die in direkter Verbindung mit den Experten der Loro Parque Fundaci\u00f3n steht, die den Entwicklungsprozess aufmerksam mitverfolgen.<\/p>\n<div id=\"attachment_7995\" style=\"width: 610px\" class=\"wp-caption alignnone\"><a href=\"https:\/\/www.loroparque-fundacion.org\/app\/uploads\/2019\/02\/LPF-con-representante-brasileno-antes-de-enviar-las-aves-a-Brasil.jpg\" rel=\"prettyPhoto[gallery-upJv]\"><img decoding=\"async\" aria-describedby=\"caption-attachment-7995\" class=\"wp-image-7995\" src=\"https:\/\/www.loroparque-fundacion.org\/app\/uploads\/2019\/02\/LPF-con-representante-brasileno-antes-de-enviar-las-aves-a-Brasil-300x200.jpg\" alt=\"\" width=\"600\" height=\"400\" \/><\/a><p id=\"caption-attachment-7995\" class=\"wp-caption-text\">Fotografie: Loro Parque Fundaci\u00f3n<\/p><\/div>\n<p align=\"justify\">***<\/p>\n<p align=\"justify\"><em>Dieses Projekt wurde dank der essentiellen Unterst\u00fctzung und Zusammenarbeit brasilianischer und internationaler Institutionen erm\u00f6glicht, die in verschiedenen Phasen des Freisetzungsprojekts von grundlegender Bedeutung waren: Experten der Forschungs- und Erhaltungsgruppe der Arara-Azul de Lear durch Qualis Consultoria Ambiental; Ma\u00dfnahmen im Rahmen des Nationalen Aktionsplans f\u00fcr den Artenschutz; Enel Green Power Brasilien, verantwortlich f\u00fcr die integrale Finanzierung des Projekts; die Gemeinschaft Cercadinho, Campo Formoso \/ Bahia.<\/em><\/p>\n<p align=\"justify\"><em>Eine weitere wichtige unterst\u00fctzende Funktion \u00fcbernahm die Association of Cristina D\u00e9nes of Architecture, die f\u00fcr den Bau der Volieren und die Vorbereitung der Aras auf ein Leben in ihrem nat\u00fcrlichen Lebesnraum verantwortlich war. Dank geb\u00fchrt auch Antonio Carlos Canto Porto Filho und Francisco Antonio de Oliveira, f\u00fcr die Bereitstellung von Materialien sowie dem National Center for Research and Conservation of Wild Birds; die Fazenda Cachoeira Scientific Breed for Conservation Purposes; das Center for Conservation and Management of Caatinga Fauna (CEMAFAUNA); das National Center for Research and Conservation of Wild Birds (CEMAVE); die Scientific Breed for Conservation Purposes; das Institute for the Environment and Water Resources of Bahia (INEMA); das Max-Planck-Institut f\u00fcr Umwelt und Wasserressourcen von Bahia (INEMA), das Institut f\u00fcr Biodiversit\u00e4tsentwicklung (ICMBio), das Institut f\u00fcr Wildnis (IES), das Institut f\u00fcr Ornithologie (MPIO), das Zoologiemuseum der Universit\u00e4t von S\u00e3o Paulo (MZUSP) und Nitro Im\u00e1genes. Dank dieses multidisziplin\u00e4ren Expertenteama, wurde es den Aras von Teneriffa erm\u00f6glicht, in Brasilien frei zu fliegen. <\/em><\/p>\n","protected":false},"excerpt":{"rendered":"<p>Die sechs Exemplare des Lear Aras (Anodorhynchus leari), die in der Anlage der Loro Parque&#8230;<\/p>\n","protected":false},"author":1,"featured_media":7990,"comment_status":"open","ping_status":"open","sticky":false,"template":"","format":"standard","meta":{"footnotes":""},"categories":[1601],"tags":[],"yoast_head":"<!-- This site is optimized with the Yoast SEO plugin v23.0 - https:\/\/yoast.com\/wordpress\/plugins\/seo\/ -->\n<title>Der Stiftung Loro Parque Fundaci\u00f3n gelingt es, 6 vom Aussterben bedrohte Papageien, die auf Teneriffa geboren wurden, nach Brasilien zu bringen, wo sie in ihrem nat\u00fcrlichen Habitat frei fliegen &#8226; Loro Parque Fundaci\u00f3n<\/title>\n<meta name=\"description\" content=\"Loro Parque Fundacio\u0301n es una institucio\u0301n internacional sin a\u0301nimo de lucro, concebida para conservar la naturaleza y reserva gene\u0301tica de loros\" \/>\n<meta name=\"robots\" content=\"index, follow, max-snippet:-1, max-image-preview:large, max-video-preview:-1\" \/>\n<link rel=\"canonical\" href=\"https:\/\/www.loroparque-fundacion.org\/de\/der-stiftung-loro-parque-fundacion-gelingt-es-6-vom-aussterben-bedrohte-papageien-die-auf-teneriffa-geboren-wurden-nach-brasilien-zu-bringen-wo-sie-in-ihrem-natuerlichen-habitat-frei-fliegen\/\" \/>\n<meta property=\"og:locale\" content=\"de_DE\" \/>\n<meta property=\"og:type\" content=\"article\" \/>\n<meta property=\"og:title\" content=\"Der Stiftung Loro Parque Fundaci\u00f3n gelingt es, 6 vom Aussterben bedrohte Papageien, die auf Teneriffa geboren wurden, nach Brasilien zu bringen, wo sie in ihrem nat\u00fcrlichen Habitat frei fliegen &#8226; Loro Parque Fundaci\u00f3n\" \/>\n<meta property=\"og:description\" content=\"Loro Parque Fundacio\u0301n es una institucio\u0301n internacional sin a\u0301nimo de lucro, concebida para conservar la naturaleza y reserva gene\u0301tica de loros\" \/>\n<meta property=\"og:url\" content=\"https:\/\/www.loroparque-fundacion.org\/de\/der-stiftung-loro-parque-fundacion-gelingt-es-6-vom-aussterben-bedrohte-papageien-die-auf-teneriffa-geboren-wurden-nach-brasilien-zu-bringen-wo-sie-in-ihrem-natuerlichen-habitat-frei-fliegen\/\" \/>\n<meta property=\"og:site_name\" content=\"Loro Parque Fundaci\u00f3n\" \/>\n<meta property=\"article:publisher\" content=\"https:\/\/www.facebook.com\/loroparquefundacion\/\" \/>\n<meta property=\"article:published_time\" content=\"2019-02-18T14:32:49+00:00\" \/>\n<meta property=\"article:modified_time\" content=\"2022-08-19T11:15:37+00:00\" \/>\n<meta property=\"og:image\" content=\"https:\/\/www.loroparque-fundacion.org\/app\/uploads\/2019\/02\/Primer-vuelo-Joao-Marcos-Rosa.jpg\" \/>\n\t<meta property=\"og:image:width\" content=\"1280\" \/>\n\t<meta property=\"og:image:height\" content=\"853\" \/>\n\t<meta property=\"og:image:type\" content=\"image\/jpeg\" \/>\n<meta name=\"author\" content=\"proyectran\" \/>\n<meta name=\"twitter:card\" content=\"summary_large_image\" \/>\n<meta name=\"twitter:creator\" content=\"@lp__fundacion\" \/>\n<meta name=\"twitter:site\" content=\"@lp__fundacion\" \/>\n<meta name=\"twitter:label1\" content=\"Written by\" \/>\n\t<meta name=\"twitter:data1\" content=\"proyectran\" \/>\n\t<meta name=\"twitter:label2\" content=\"Est. reading time\" \/>\n\t<meta name=\"twitter:data2\" content=\"5 minutes\" \/>\n<script type=\"application\/ld+json\" class=\"yoast-schema-graph\">{\"@context\":\"https:\/\/schema.org\",\"@graph\":[{\"@type\":\"Article\",\"@id\":\"https:\/\/www.loroparque-fundacion.org\/de\/der-stiftung-loro-parque-fundacion-gelingt-es-6-vom-aussterben-bedrohte-papageien-die-auf-teneriffa-geboren-wurden-nach-brasilien-zu-bringen-wo-sie-in-ihrem-natuerlichen-habitat-frei-fliegen\/#article\",\"isPartOf\":{\"@id\":\"https:\/\/www.loroparque-fundacion.org\/de\/der-stiftung-loro-parque-fundacion-gelingt-es-6-vom-aussterben-bedrohte-papageien-die-auf-teneriffa-geboren-wurden-nach-brasilien-zu-bringen-wo-sie-in-ihrem-natuerlichen-habitat-frei-fliegen\/\"},\"author\":{\"name\":\"proyectran\",\"@id\":\"https:\/\/www.loroparque-fundacion.org\/de\/#\/schema\/person\/4dbb636839aedad4c1753c9e1a7c45ae\"},\"headline\":\"Der Stiftung Loro Parque Fundaci\u00f3n gelingt es, 6 vom Aussterben bedrohte Papageien, die auf Teneriffa geboren wurden, nach Brasilien zu bringen, wo sie in ihrem nat\u00fcrlichen Habitat frei fliegen\",\"datePublished\":\"2019-02-18T14:32:49+00:00\",\"dateModified\":\"2022-08-19T11:15:37+00:00\",\"mainEntityOfPage\":{\"@id\":\"https:\/\/www.loroparque-fundacion.org\/de\/der-stiftung-loro-parque-fundacion-gelingt-es-6-vom-aussterben-bedrohte-papageien-die-auf-teneriffa-geboren-wurden-nach-brasilien-zu-bringen-wo-sie-in-ihrem-natuerlichen-habitat-frei-fliegen\/\"},\"wordCount\":948,\"commentCount\":0,\"publisher\":{\"@id\":\"https:\/\/www.loroparque-fundacion.org\/de\/#organization\"},\"image\":{\"@id\":\"https:\/\/www.loroparque-fundacion.org\/de\/der-stiftung-loro-parque-fundacion-gelingt-es-6-vom-aussterben-bedrohte-papageien-die-auf-teneriffa-geboren-wurden-nach-brasilien-zu-bringen-wo-sie-in-ihrem-natuerlichen-habitat-frei-fliegen\/#primaryimage\"},\"thumbnailUrl\":\"https:\/\/www.loroparque-fundacion.org\/app\/uploads\/2019\/02\/Primer-vuelo-Joao-Marcos-Rosa.jpg\",\"articleSection\":[\"Fundacion_de\"],\"inLanguage\":\"de-DE\"},{\"@type\":\"WebPage\",\"@id\":\"https:\/\/www.loroparque-fundacion.org\/de\/der-stiftung-loro-parque-fundacion-gelingt-es-6-vom-aussterben-bedrohte-papageien-die-auf-teneriffa-geboren-wurden-nach-brasilien-zu-bringen-wo-sie-in-ihrem-natuerlichen-habitat-frei-fliegen\/\",\"url\":\"https:\/\/www.loroparque-fundacion.org\/de\/der-stiftung-loro-parque-fundacion-gelingt-es-6-vom-aussterben-bedrohte-papageien-die-auf-teneriffa-geboren-wurden-nach-brasilien-zu-bringen-wo-sie-in-ihrem-natuerlichen-habitat-frei-fliegen\/\",\"name\":\"Der Stiftung Loro Parque Fundaci\u00f3n gelingt es, 6 vom Aussterben bedrohte Papageien, die auf Teneriffa geboren wurden, nach Brasilien zu bringen, wo sie in ihrem nat\u00fcrlichen Habitat frei fliegen &#8226; Loro Parque Fundaci\u00f3n\",\"isPartOf\":{\"@id\":\"https:\/\/www.loroparque-fundacion.org\/de\/#website\"},\"primaryImageOfPage\":{\"@id\":\"https:\/\/www.loroparque-fundacion.org\/de\/der-stiftung-loro-parque-fundacion-gelingt-es-6-vom-aussterben-bedrohte-papageien-die-auf-teneriffa-geboren-wurden-nach-brasilien-zu-bringen-wo-sie-in-ihrem-natuerlichen-habitat-frei-fliegen\/#primaryimage\"},\"image\":{\"@id\":\"https:\/\/www.loroparque-fundacion.org\/de\/der-stiftung-loro-parque-fundacion-gelingt-es-6-vom-aussterben-bedrohte-papageien-die-auf-teneriffa-geboren-wurden-nach-brasilien-zu-bringen-wo-sie-in-ihrem-natuerlichen-habitat-frei-fliegen\/#primaryimage\"},\"thumbnailUrl\":\"https:\/\/www.loroparque-fundacion.org\/app\/uploads\/2019\/02\/Primer-vuelo-Joao-Marcos-Rosa.jpg\",\"datePublished\":\"2019-02-18T14:32:49+00:00\",\"dateModified\":\"2022-08-19T11:15:37+00:00\",\"description\":\"Loro Parque Fundacio\u0301n es una institucio\u0301n internacional sin a\u0301nimo de lucro, concebida para conservar la naturaleza y reserva gene\u0301tica de loros\",\"inLanguage\":\"de-DE\",\"potentialAction\":[{\"@type\":\"ReadAction\",\"target\":[\"https:\/\/www.loroparque-fundacion.org\/de\/der-stiftung-loro-parque-fundacion-gelingt-es-6-vom-aussterben-bedrohte-papageien-die-auf-teneriffa-geboren-wurden-nach-brasilien-zu-bringen-wo-sie-in-ihrem-natuerlichen-habitat-frei-fliegen\/\"]}]},{\"@type\":\"ImageObject\",\"inLanguage\":\"de-DE\",\"@id\":\"https:\/\/www.loroparque-fundacion.org\/de\/der-stiftung-loro-parque-fundacion-gelingt-es-6-vom-aussterben-bedrohte-papageien-die-auf-teneriffa-geboren-wurden-nach-brasilien-zu-bringen-wo-sie-in-ihrem-natuerlichen-habitat-frei-fliegen\/#primaryimage\",\"url\":\"https:\/\/www.loroparque-fundacion.org\/app\/uploads\/2019\/02\/Primer-vuelo-Joao-Marcos-Rosa.jpg\",\"contentUrl\":\"https:\/\/www.loroparque-fundacion.org\/app\/uploads\/2019\/02\/Primer-vuelo-Joao-Marcos-Rosa.jpg\",\"width\":1280,\"height\":853},{\"@type\":\"WebSite\",\"@id\":\"https:\/\/www.loroparque-fundacion.org\/de\/#website\",\"url\":\"https:\/\/www.loroparque-fundacion.org\/de\/\",\"name\":\"Loro Parque Fundaci\u00f3n\",\"description\":\"We Care - Animal Embassy - Tenerife\",\"publisher\":{\"@id\":\"https:\/\/www.loroparque-fundacion.org\/de\/#organization\"},\"potentialAction\":[{\"@type\":\"SearchAction\",\"target\":{\"@type\":\"EntryPoint\",\"urlTemplate\":\"https:\/\/www.loroparque-fundacion.org\/de\/?s={search_term_string}\"},\"query-input\":\"required name=search_term_string\"}],\"inLanguage\":\"de-DE\"},{\"@type\":\"Organization\",\"@id\":\"https:\/\/www.loroparque-fundacion.org\/de\/#organization\",\"name\":\"Loro Parque Fundaci\u00f3n\",\"url\":\"https:\/\/www.loroparque-fundacion.org\/de\/\",\"logo\":{\"@type\":\"ImageObject\",\"inLanguage\":\"de-DE\",\"@id\":\"https:\/\/www.loroparque-fundacion.org\/de\/#\/schema\/logo\/image\/\",\"url\":\"https:\/\/www.loroparque-fundacion.org\/app\/uploads\/2022\/08\/destacadaweb.png\",\"contentUrl\":\"https:\/\/www.loroparque-fundacion.org\/app\/uploads\/2022\/08\/destacadaweb.png\",\"width\":500,\"height\":500,\"caption\":\"Loro Parque Fundaci\u00f3n\"},\"image\":{\"@id\":\"https:\/\/www.loroparque-fundacion.org\/de\/#\/schema\/logo\/image\/\"},\"sameAs\":[\"https:\/\/www.facebook.com\/loroparquefundacion\/\",\"https:\/\/x.com\/lp__fundacion\",\"https:\/\/www.instagram.com\/loroparque_fundacion\/\",\"https:\/\/www.linkedin.com\/company\/loroparque\/\"]},{\"@type\":\"Person\",\"@id\":\"https:\/\/www.loroparque-fundacion.org\/de\/#\/schema\/person\/4dbb636839aedad4c1753c9e1a7c45ae\",\"name\":\"proyectran\",\"image\":{\"@type\":\"ImageObject\",\"inLanguage\":\"de-DE\",\"@id\":\"https:\/\/www.loroparque-fundacion.org\/de\/#\/schema\/person\/image\/\",\"url\":\"https:\/\/secure.gravatar.com\/avatar\/22f27b2e9ded79cc79760c97130ee494?s=96&d=mm&r=g\",\"contentUrl\":\"https:\/\/secure.gravatar.com\/avatar\/22f27b2e9ded79cc79760c97130ee494?s=96&d=mm&r=g\",\"caption\":\"proyectran\"},\"sameAs\":[\"https:\/\/www.loroparque-fundacion.org\/wp\"]}]}<\/script>\n<!-- \/ Yoast SEO plugin. -->","yoast_head_json":{"title":"Der Stiftung Loro Parque Fundaci\u00f3n gelingt es, 6 vom Aussterben bedrohte Papageien, die auf Teneriffa geboren wurden, nach Brasilien zu bringen, wo sie in ihrem nat\u00fcrlichen Habitat frei fliegen &#8226; Loro Parque Fundaci\u00f3n","description":"Loro Parque Fundacio\u0301n es una institucio\u0301n internacional sin a\u0301nimo de lucro, concebida para conservar la naturaleza y reserva gene\u0301tica de loros","robots":{"index":"index","follow":"follow","max-snippet":"max-snippet:-1","max-image-preview":"max-image-preview:large","max-video-preview":"max-video-preview:-1"},"canonical":"https:\/\/www.loroparque-fundacion.org\/de\/der-stiftung-loro-parque-fundacion-gelingt-es-6-vom-aussterben-bedrohte-papageien-die-auf-teneriffa-geboren-wurden-nach-brasilien-zu-bringen-wo-sie-in-ihrem-natuerlichen-habitat-frei-fliegen\/","og_locale":"de_DE","og_type":"article","og_title":"Der Stiftung Loro Parque Fundaci\u00f3n gelingt es, 6 vom Aussterben bedrohte Papageien, die auf Teneriffa geboren wurden, nach Brasilien zu bringen, wo sie in ihrem nat\u00fcrlichen Habitat frei fliegen &#8226; Loro Parque Fundaci\u00f3n","og_description":"Loro Parque Fundacio\u0301n es una institucio\u0301n internacional sin a\u0301nimo de lucro, concebida para conservar la naturaleza y reserva gene\u0301tica de loros","og_url":"https:\/\/www.loroparque-fundacion.org\/de\/der-stiftung-loro-parque-fundacion-gelingt-es-6-vom-aussterben-bedrohte-papageien-die-auf-teneriffa-geboren-wurden-nach-brasilien-zu-bringen-wo-sie-in-ihrem-natuerlichen-habitat-frei-fliegen\/","og_site_name":"Loro Parque Fundaci\u00f3n","article_publisher":"https:\/\/www.facebook.com\/loroparquefundacion\/","article_published_time":"2019-02-18T14:32:49+00:00","article_modified_time":"2022-08-19T11:15:37+00:00","og_image":[{"width":1280,"height":853,"url":"https:\/\/www.loroparque-fundacion.org\/app\/uploads\/2019\/02\/Primer-vuelo-Joao-Marcos-Rosa.jpg","type":"image\/jpeg"}],"author":"proyectran","twitter_card":"summary_large_image","twitter_creator":"@lp__fundacion","twitter_site":"@lp__fundacion","twitter_misc":{"Written by":"proyectran","Est. reading time":"5 minutes"},"schema":{"@context":"https:\/\/schema.org","@graph":[{"@type":"Article","@id":"https:\/\/www.loroparque-fundacion.org\/de\/der-stiftung-loro-parque-fundacion-gelingt-es-6-vom-aussterben-bedrohte-papageien-die-auf-teneriffa-geboren-wurden-nach-brasilien-zu-bringen-wo-sie-in-ihrem-natuerlichen-habitat-frei-fliegen\/#article","isPartOf":{"@id":"https:\/\/www.loroparque-fundacion.org\/de\/der-stiftung-loro-parque-fundacion-gelingt-es-6-vom-aussterben-bedrohte-papageien-die-auf-teneriffa-geboren-wurden-nach-brasilien-zu-bringen-wo-sie-in-ihrem-natuerlichen-habitat-frei-fliegen\/"},"author":{"name":"proyectran","@id":"https:\/\/www.loroparque-fundacion.org\/de\/#\/schema\/person\/4dbb636839aedad4c1753c9e1a7c45ae"},"headline":"Der Stiftung Loro Parque Fundaci\u00f3n gelingt es, 6 vom Aussterben bedrohte Papageien, die auf Teneriffa geboren wurden, nach Brasilien zu bringen, wo sie in ihrem nat\u00fcrlichen Habitat frei fliegen","datePublished":"2019-02-18T14:32:49+00:00","dateModified":"2022-08-19T11:15:37+00:00","mainEntityOfPage":{"@id":"https:\/\/www.loroparque-fundacion.org\/de\/der-stiftung-loro-parque-fundacion-gelingt-es-6-vom-aussterben-bedrohte-papageien-die-auf-teneriffa-geboren-wurden-nach-brasilien-zu-bringen-wo-sie-in-ihrem-natuerlichen-habitat-frei-fliegen\/"},"wordCount":948,"commentCount":0,"publisher":{"@id":"https:\/\/www.loroparque-fundacion.org\/de\/#organization"},"image":{"@id":"https:\/\/www.loroparque-fundacion.org\/de\/der-stiftung-loro-parque-fundacion-gelingt-es-6-vom-aussterben-bedrohte-papageien-die-auf-teneriffa-geboren-wurden-nach-brasilien-zu-bringen-wo-sie-in-ihrem-natuerlichen-habitat-frei-fliegen\/#primaryimage"},"thumbnailUrl":"https:\/\/www.loroparque-fundacion.org\/app\/uploads\/2019\/02\/Primer-vuelo-Joao-Marcos-Rosa.jpg","articleSection":["Fundacion_de"],"inLanguage":"de-DE"},{"@type":"WebPage","@id":"https:\/\/www.loroparque-fundacion.org\/de\/der-stiftung-loro-parque-fundacion-gelingt-es-6-vom-aussterben-bedrohte-papageien-die-auf-teneriffa-geboren-wurden-nach-brasilien-zu-bringen-wo-sie-in-ihrem-natuerlichen-habitat-frei-fliegen\/","url":"https:\/\/www.loroparque-fundacion.org\/de\/der-stiftung-loro-parque-fundacion-gelingt-es-6-vom-aussterben-bedrohte-papageien-die-auf-teneriffa-geboren-wurden-nach-brasilien-zu-bringen-wo-sie-in-ihrem-natuerlichen-habitat-frei-fliegen\/","name":"Der Stiftung Loro Parque Fundaci\u00f3n gelingt es, 6 vom Aussterben bedrohte Papageien, die auf Teneriffa geboren wurden, nach Brasilien zu bringen, wo sie in ihrem nat\u00fcrlichen Habitat frei fliegen &#8226; Loro Parque Fundaci\u00f3n","isPartOf":{"@id":"https:\/\/www.loroparque-fundacion.org\/de\/#website"},"primaryImageOfPage":{"@id":"https:\/\/www.loroparque-fundacion.org\/de\/der-stiftung-loro-parque-fundacion-gelingt-es-6-vom-aussterben-bedrohte-papageien-die-auf-teneriffa-geboren-wurden-nach-brasilien-zu-bringen-wo-sie-in-ihrem-natuerlichen-habitat-frei-fliegen\/#primaryimage"},"image":{"@id":"https:\/\/www.loroparque-fundacion.org\/de\/der-stiftung-loro-parque-fundacion-gelingt-es-6-vom-aussterben-bedrohte-papageien-die-auf-teneriffa-geboren-wurden-nach-brasilien-zu-bringen-wo-sie-in-ihrem-natuerlichen-habitat-frei-fliegen\/#primaryimage"},"thumbnailUrl":"https:\/\/www.loroparque-fundacion.org\/app\/uploads\/2019\/02\/Primer-vuelo-Joao-Marcos-Rosa.jpg","datePublished":"2019-02-18T14:32:49+00:00","dateModified":"2022-08-19T11:15:37+00:00","description":"Loro Parque Fundacio\u0301n es una institucio\u0301n internacional sin a\u0301nimo de lucro, concebida para conservar la naturaleza y reserva gene\u0301tica de loros","inLanguage":"de-DE","potentialAction":[{"@type":"ReadAction","target":["https:\/\/www.loroparque-fundacion.org\/de\/der-stiftung-loro-parque-fundacion-gelingt-es-6-vom-aussterben-bedrohte-papageien-die-auf-teneriffa-geboren-wurden-nach-brasilien-zu-bringen-wo-sie-in-ihrem-natuerlichen-habitat-frei-fliegen\/"]}]},{"@type":"ImageObject","inLanguage":"de-DE","@id":"https:\/\/www.loroparque-fundacion.org\/de\/der-stiftung-loro-parque-fundacion-gelingt-es-6-vom-aussterben-bedrohte-papageien-die-auf-teneriffa-geboren-wurden-nach-brasilien-zu-bringen-wo-sie-in-ihrem-natuerlichen-habitat-frei-fliegen\/#primaryimage","url":"https:\/\/www.loroparque-fundacion.org\/app\/uploads\/2019\/02\/Primer-vuelo-Joao-Marcos-Rosa.jpg","contentUrl":"https:\/\/www.loroparque-fundacion.org\/app\/uploads\/2019\/02\/Primer-vuelo-Joao-Marcos-Rosa.jpg","width":1280,"height":853},{"@type":"WebSite","@id":"https:\/\/www.loroparque-fundacion.org\/de\/#website","url":"https:\/\/www.loroparque-fundacion.org\/de\/","name":"Loro Parque Fundaci\u00f3n","description":"We Care - Animal Embassy - Tenerife","publisher":{"@id":"https:\/\/www.loroparque-fundacion.org\/de\/#organization"},"potentialAction":[{"@type":"SearchAction","target":{"@type":"EntryPoint","urlTemplate":"https:\/\/www.loroparque-fundacion.org\/de\/?s={search_term_string}"},"query-input":"required name=search_term_string"}],"inLanguage":"de-DE"},{"@type":"Organization","@id":"https:\/\/www.loroparque-fundacion.org\/de\/#organization","name":"Loro Parque Fundaci\u00f3n","url":"https:\/\/www.loroparque-fundacion.org\/de\/","logo":{"@type":"ImageObject","inLanguage":"de-DE","@id":"https:\/\/www.loroparque-fundacion.org\/de\/#\/schema\/logo\/image\/","url":"https:\/\/www.loroparque-fundacion.org\/app\/uploads\/2022\/08\/destacadaweb.png","contentUrl":"https:\/\/www.loroparque-fundacion.org\/app\/uploads\/2022\/08\/destacadaweb.png","width":500,"height":500,"caption":"Loro Parque Fundaci\u00f3n"},"image":{"@id":"https:\/\/www.loroparque-fundacion.org\/de\/#\/schema\/logo\/image\/"},"sameAs":["https:\/\/www.facebook.com\/loroparquefundacion\/","https:\/\/x.com\/lp__fundacion","https:\/\/www.instagram.com\/loroparque_fundacion\/","https:\/\/www.linkedin.com\/company\/loroparque\/"]},{"@type":"Person","@id":"https:\/\/www.loroparque-fundacion.org\/de\/#\/schema\/person\/4dbb636839aedad4c1753c9e1a7c45ae","name":"proyectran","image":{"@type":"ImageObject","inLanguage":"de-DE","@id":"https:\/\/www.loroparque-fundacion.org\/de\/#\/schema\/person\/image\/","url":"https:\/\/secure.gravatar.com\/avatar\/22f27b2e9ded79cc79760c97130ee494?s=96&d=mm&r=g","contentUrl":"https:\/\/secure.gravatar.com\/avatar\/22f27b2e9ded79cc79760c97130ee494?s=96&d=mm&r=g","caption":"proyectran"},"sameAs":["https:\/\/www.loroparque-fundacion.org\/wp"]}]}},"_links":{"self":[{"href":"https:\/\/www.loroparque-fundacion.org\/de\/wp-json\/wp\/v2\/posts\/8001"}],"collection":[{"href":"https:\/\/www.loroparque-fundacion.org\/de\/wp-json\/wp\/v2\/posts"}],"about":[{"href":"https:\/\/www.loroparque-fundacion.org\/de\/wp-json\/wp\/v2\/types\/post"}],"author":[{"embeddable":true,"href":"https:\/\/www.loroparque-fundacion.org\/de\/wp-json\/wp\/v2\/users\/1"}],"replies":[{"embeddable":true,"href":"https:\/\/www.loroparque-fundacion.org\/de\/wp-json\/wp\/v2\/comments?post=8001"}],"version-history":[{"count":1,"href":"https:\/\/www.loroparque-fundacion.org\/de\/wp-json\/wp\/v2\/posts\/8001\/revisions"}],"predecessor-version":[{"id":46289,"href":"https:\/\/www.loroparque-fundacion.org\/de\/wp-json\/wp\/v2\/posts\/8001\/revisions\/46289"}],"wp:featuredmedia":[{"embeddable":true,"href":"https:\/\/www.loroparque-fundacion.org\/de\/wp-json\/wp\/v2\/media\/7990"}],"wp:attachment":[{"href":"https:\/\/www.loroparque-fundacion.org\/de\/wp-json\/wp\/v2\/media?parent=8001"}],"wp:term":[{"taxonomy":"category","embeddable":true,"href":"https:\/\/www.loroparque-fundacion.org\/de\/wp-json\/wp\/v2\/categories?post=8001"},{"taxonomy":"post_tag","embeddable":true,"href":"https:\/\/www.loroparque-fundacion.org\/de\/wp-json\/wp\/v2\/tags?post=8001"}],"curies":[{"name":"wp","href":"https:\/\/api.w.org\/{rel}","templated":true}]}}