{"id":9228,"date":"2019-12-04T17:35:10","date_gmt":"2019-12-04T17:35:10","guid":{"rendered":"http:\/\/blog.loroparque.com\/?p=9228"},"modified":"2026-02-06T13:59:01","modified_gmt":"2026-02-06T13:59:01","slug":"loro-parque-fundacion-refuerza-su-compromiso-con-el-medioambiente-con-una-nueva-escultura","status":"publish","type":"post","link":"https:\/\/www.loroparque-fundacion.org\/en\/loro-parque-fundacion-refuerza-su-compromiso-con-el-medioambiente-con-una-nueva-escultura\/","title":{"rendered":"Loro Parque Fundaci\u00f3n refuerza su compromiso con el medioambiente con una nueva escultura"},"content":{"rendered":"<p align=\"justify\"><a href=\"https:\/\/www.loroparque-fundacion.org\/app\/uploads\/2019\/12\/loro_parque_fundacion_refuerza_compromiso_con_medioambiente_nueva_escultura-2.jpg\" rel=\"prettyPhoto[gallery-T0SX]\"><img decoding=\"async\" class=\"wp-image-9232 aligncenter\" src=\"https:\/\/www.loroparque-fundacion.org\/app\/uploads\/2019\/12\/loro_parque_fundacion_refuerza_compromiso_con_medioambiente_nueva_escultura-2-300x200.jpg\" alt=\"\" width=\"600\" height=\"400\" \/><\/a><\/p>\n<p align=\"justify\">Loro Parque Fundaci\u00f3n ha presentado, este mi\u00e9rcoles 4 de diciembre, una nueva escultura elaborada a partir de objetos reciclados que evidencia el grave problema que genera el pl\u00e1stico en el medioambiente. La inauguraci\u00f3n se ha realizado en la rotonda del cruce de la TF-316 con carretera de Las Dehesas, en el municipio de Los Realejos.<\/p>\n<p align=\"justify\">Adem\u00e1s, el evento ha contado con la presencia del alcalde de Los Realejos, Manuel Dom\u00ednguez Gonz\u00e1lez; la concejala de Turismo del Ayuntamiento de Puerto de la Cruz, Carolina Rodr\u00edguez; el inspector de la Polic\u00eda Local de Puerto de la Cruz, Francisco Jos\u00e9 Cruz Casa\u00f1as; el presidente de la Compa\u00f1\u00eda Loro Parque, Wolfgang Kiessling, y el vicepresidente de la Compa\u00f1\u00eda Loro Parque y presidente de Loro Parque Fundaci\u00f3n, Christoph Kiessling.<\/p>\n<p align=\"justify\"><a href=\"https:\/\/www.loroparque-fundacion.org\/app\/uploads\/2019\/12\/loro_parque_fundacion_refuerza_compromiso_con_medioambiente_nueva_escultura-3.jpg\" rel=\"prettyPhoto[gallery-T0SX]\"><img decoding=\"async\" class=\"wp-image-9235 aligncenter\" src=\"https:\/\/www.loroparque-fundacion.org\/app\/uploads\/2019\/12\/loro_parque_fundacion_refuerza_compromiso_con_medioambiente_nueva_escultura-3-300x200.jpg\" alt=\"\" width=\"600\" height=\"400\" srcset=\"https:\/\/www.loroparque-fundacion.org\/app\/uploads\/2019\/12\/loro_parque_fundacion_refuerza_compromiso_con_medioambiente_nueva_escultura-3-300x200.jpg 300w, https:\/\/www.loroparque-fundacion.org\/app\/uploads\/2019\/12\/loro_parque_fundacion_refuerza_compromiso_con_medioambiente_nueva_escultura-3-1024x683.jpg 1024w, https:\/\/www.loroparque-fundacion.org\/app\/uploads\/2019\/12\/loro_parque_fundacion_refuerza_compromiso_con_medioambiente_nueva_escultura-3-768x512.jpg 768w, https:\/\/www.loroparque-fundacion.org\/app\/uploads\/2019\/12\/loro_parque_fundacion_refuerza_compromiso_con_medioambiente_nueva_escultura-3-370x247.jpg 370w, https:\/\/www.loroparque-fundacion.org\/app\/uploads\/2019\/12\/loro_parque_fundacion_refuerza_compromiso_con_medioambiente_nueva_escultura-3-840x560.jpg 840w, https:\/\/www.loroparque-fundacion.org\/app\/uploads\/2019\/12\/loro_parque_fundacion_refuerza_compromiso_con_medioambiente_nueva_escultura-3-410x274.jpg 410w, https:\/\/www.loroparque-fundacion.org\/app\/uploads\/2019\/12\/loro_parque_fundacion_refuerza_compromiso_con_medioambiente_nueva_escultura-3.jpg 1280w\" sizes=\"(max-width: 600px) 100vw, 600px\" \/><\/a><\/p>\n<p align=\"justify\">Esta segunda representaci\u00f3n art\u00edstica forma parte de las numerosas acciones contra el pl\u00e1stico de un solo uso llevadas a cabo en todas las instalaciones de la Compa\u00f1\u00eda Loro Parque. As\u00ed, gracias a la implementaci\u00f3n de esta estrategia, desde principios de 2018, se han eliminado m\u00e1s de 30 toneladas de este da\u00f1ino material.<\/p>\n<p align=\"justify\">En este sentido, para la fabricaci\u00f3n de este arte de concienciaci\u00f3n, el creador de estas esculturas, Paolo Bonano, se ha inspirado en el artista de Las Palmas de Gran Canaria N\u00e9stor Mart\u00edn-Fern\u00e1ndez de la Torre. Para ello, en su mayor\u00eda, ha utilizado latas, botellas y tapas de pl\u00e1sticos.<\/p>\n<p align=\"justify\"><a href=\"https:\/\/www.loroparque-fundacion.org\/app\/uploads\/2019\/12\/loro_parque_fundacion_refuerza_compromiso_con_medioambiente_nueva_escultura-1.jpg\" rel=\"prettyPhoto[gallery-T0SX]\"><img decoding=\"async\" class=\"wp-image-9229 aligncenter\" src=\"https:\/\/www.loroparque-fundacion.org\/app\/uploads\/2019\/12\/loro_parque_fundacion_refuerza_compromiso_con_medioambiente_nueva_escultura-1-300x200.jpg\" alt=\"\" width=\"600\" height=\"400\" \/><\/a><\/p>\n<p align=\"justify\">Sobre este mismo proyecto <em>Bye Bye Plastic<\/em>, Loro Parque Fundaci\u00f3n y la Universidad de La Laguna inauguraron, el pasado 28 de noviembre, la primera escultura con el mismo objetivo: reforzar el compromiso de promover la b\u00fasqueda de soluciones para mantener nuestro planeta m\u00e1s limpio y concienciar a los ciudadanos sobre el problema que enfrentan los oc\u00e9anos y las diferentes especies que habitan en ellos, haciendo especial hincapi\u00e9 en los efectos de la basura marina.<\/p>\n<p align=\"justify\">Con todo esto, Loro Parque Fundaci\u00f3n resalta, una vez m\u00e1s, que la acumulaci\u00f3n de los pl\u00e1sticos en los oc\u00e9anos afecta de manera terrible a la biodiversidad marina, debido a que seg\u00fan cifras de las Naciones Unidas: \u201c13 000 000 toneladas de pl\u00e1stico se filtran en el oc\u00e9ano cada a\u00f1o, lo que provoca, entre otros da\u00f1os, la muerte de 100 000 especies marinas cada a\u00f1o\u201d.<\/p>\n<p align=\"justify\">Adem\u00e1s, se estima que en el 2050 habr\u00e1 m\u00e1s pl\u00e1stico que peces en el oc\u00e9ano. Todo esto hace que el papel de los centros de conservaci\u00f3n de la vida silvestre cobre especial relevancia en la protecci\u00f3n de las especies para las generaciones futuras.<\/p>\n","protected":false},"excerpt":{"rendered":"<p>Loro Parque Fundaci\u00f3n ha presentado, este mi\u00e9rcoles 4 de diciembre, una nueva escultura elaborada a&#8230;<\/p>\n","protected":false},"author":1,"featured_media":0,"comment_status":"closed","ping_status":"closed","sticky":false,"template":"","format":"standard","meta":{"footnotes":""},"categories":[1474],"tags":[],"yoast_head":"<!-- This site is optimized with the Yoast SEO plugin v23.0 - https:\/\/yoast.com\/wordpress\/plugins\/seo\/ -->\n<title>Nueva Escultura de Pl\u00e1stico Reciclado<\/title>\n<meta name=\"description\" content=\"Loro Parque Fundaci\u00f3n inaugura en Los Realejos una escultura de material reciclado para concienciar sobre la contaminaci\u00f3n por pl\u00e1stico en los oc\u00e9anos.\" \/>\n<meta name=\"robots\" content=\"index, follow, max-snippet:-1, max-image-preview:large, max-video-preview:-1\" \/>\n<link rel=\"canonical\" href=\"https:\/\/www.loroparque-fundacion.org\/en\/loro-parque-fundacion-refuerza-su-compromiso-con-el-medioambiente-con-una-nueva-escultura\/\" \/>\n<meta property=\"og:locale\" content=\"en_US\" \/>\n<meta property=\"og:type\" content=\"article\" \/>\n<meta property=\"og:title\" content=\"Nueva Escultura de Pl\u00e1stico Reciclado\" \/>\n<meta property=\"og:description\" content=\"Loro Parque Fundaci\u00f3n inaugura en Los Realejos una escultura de material reciclado para concienciar sobre la contaminaci\u00f3n por pl\u00e1stico en los oc\u00e9anos.\" \/>\n<meta property=\"og:url\" content=\"https:\/\/www.loroparque-fundacion.org\/en\/loro-parque-fundacion-refuerza-su-compromiso-con-el-medioambiente-con-una-nueva-escultura\/\" \/>\n<meta property=\"og:site_name\" content=\"Loro Parque Fundaci\u00f3n\" \/>\n<meta property=\"article:publisher\" content=\"https:\/\/www.facebook.com\/loroparquefundacion\/\" \/>\n<meta property=\"article:published_time\" content=\"2019-12-04T17:35:10+00:00\" \/>\n<meta property=\"article:modified_time\" content=\"2026-02-06T13:59:01+00:00\" \/>\n<meta property=\"og:image\" content=\"https:\/\/www.loroparque-fundacion.org\/app\/uploads\/2019\/12\/loro_parque_fundacion_refuerza_compromiso_con_medioambiente_nueva_escultura-2-300x200.jpg\" \/>\n<meta name=\"author\" content=\"proyectran\" \/>\n<meta name=\"twitter:card\" content=\"summary_large_image\" \/>\n<meta name=\"twitter:creator\" content=\"@lp__fundacion\" \/>\n<meta name=\"twitter:site\" content=\"@lp__fundacion\" \/>\n<meta name=\"twitter:label1\" content=\"Written by\" \/>\n\t<meta name=\"twitter:data1\" content=\"proyectran\" \/>\n\t<meta name=\"twitter:label2\" content=\"Est. reading time\" \/>\n\t<meta name=\"twitter:data2\" content=\"3 minutes\" \/>\n<script type=\"application\/ld+json\" class=\"yoast-schema-graph\">{\"@context\":\"https:\/\/schema.org\",\"@graph\":[{\"@type\":\"Article\",\"@id\":\"https:\/\/www.loroparque-fundacion.org\/en\/loro-parque-fundacion-refuerza-su-compromiso-con-el-medioambiente-con-una-nueva-escultura\/#article\",\"isPartOf\":{\"@id\":\"https:\/\/www.loroparque-fundacion.org\/en\/loro-parque-fundacion-refuerza-su-compromiso-con-el-medioambiente-con-una-nueva-escultura\/\"},\"author\":{\"name\":\"proyectran\",\"@id\":\"https:\/\/www.loroparque-fundacion.org\/en\/#\/schema\/person\/4dbb636839aedad4c1753c9e1a7c45ae\"},\"headline\":\"Loro Parque Fundaci\u00f3n refuerza su compromiso con el medioambiente con una nueva escultura\",\"datePublished\":\"2019-12-04T17:35:10+00:00\",\"dateModified\":\"2026-02-06T13:59:01+00:00\",\"mainEntityOfPage\":{\"@id\":\"https:\/\/www.loroparque-fundacion.org\/en\/loro-parque-fundacion-refuerza-su-compromiso-con-el-medioambiente-con-una-nueva-escultura\/\"},\"wordCount\":457,\"publisher\":{\"@id\":\"https:\/\/www.loroparque-fundacion.org\/en\/#organization\"},\"image\":{\"@id\":\"https:\/\/www.loroparque-fundacion.org\/en\/loro-parque-fundacion-refuerza-su-compromiso-con-el-medioambiente-con-una-nueva-escultura\/#primaryimage\"},\"thumbnailUrl\":\"https:\/\/www.loroparque-fundacion.org\/app\/uploads\/2019\/12\/loro_parque_fundacion_refuerza_compromiso_con_medioambiente_nueva_escultura-2-300x200.jpg\",\"articleSection\":[\"Blog ENG\"],\"inLanguage\":\"en-US\"},{\"@type\":\"WebPage\",\"@id\":\"https:\/\/www.loroparque-fundacion.org\/en\/loro-parque-fundacion-refuerza-su-compromiso-con-el-medioambiente-con-una-nueva-escultura\/\",\"url\":\"https:\/\/www.loroparque-fundacion.org\/en\/loro-parque-fundacion-refuerza-su-compromiso-con-el-medioambiente-con-una-nueva-escultura\/\",\"name\":\"Nueva Escultura de Pl\u00e1stico Reciclado\",\"isPartOf\":{\"@id\":\"https:\/\/www.loroparque-fundacion.org\/en\/#website\"},\"primaryImageOfPage\":{\"@id\":\"https:\/\/www.loroparque-fundacion.org\/en\/loro-parque-fundacion-refuerza-su-compromiso-con-el-medioambiente-con-una-nueva-escultura\/#primaryimage\"},\"image\":{\"@id\":\"https:\/\/www.loroparque-fundacion.org\/en\/loro-parque-fundacion-refuerza-su-compromiso-con-el-medioambiente-con-una-nueva-escultura\/#primaryimage\"},\"thumbnailUrl\":\"https:\/\/www.loroparque-fundacion.org\/app\/uploads\/2019\/12\/loro_parque_fundacion_refuerza_compromiso_con_medioambiente_nueva_escultura-2-300x200.jpg\",\"datePublished\":\"2019-12-04T17:35:10+00:00\",\"dateModified\":\"2026-02-06T13:59:01+00:00\",\"description\":\"Loro Parque Fundaci\u00f3n inaugura en Los Realejos una escultura de material reciclado para concienciar sobre la contaminaci\u00f3n por pl\u00e1stico en los oc\u00e9anos.\",\"inLanguage\":\"en-US\",\"potentialAction\":[{\"@type\":\"ReadAction\",\"target\":[\"https:\/\/www.loroparque-fundacion.org\/en\/loro-parque-fundacion-refuerza-su-compromiso-con-el-medioambiente-con-una-nueva-escultura\/\"]}]},{\"@type\":\"ImageObject\",\"inLanguage\":\"en-US\",\"@id\":\"https:\/\/www.loroparque-fundacion.org\/en\/loro-parque-fundacion-refuerza-su-compromiso-con-el-medioambiente-con-una-nueva-escultura\/#primaryimage\",\"url\":\"https:\/\/www.loroparque-fundacion.org\/app\/uploads\/2019\/12\/loro_parque_fundacion_refuerza_compromiso_con_medioambiente_nueva_escultura-2-300x200.jpg\",\"contentUrl\":\"https:\/\/www.loroparque-fundacion.org\/app\/uploads\/2019\/12\/loro_parque_fundacion_refuerza_compromiso_con_medioambiente_nueva_escultura-2-300x200.jpg\"},{\"@type\":\"WebSite\",\"@id\":\"https:\/\/www.loroparque-fundacion.org\/en\/#website\",\"url\":\"https:\/\/www.loroparque-fundacion.org\/en\/\",\"name\":\"Loro Parque Fundaci\u00f3n\",\"description\":\"We Care - Animal Embassy - Tenerife\",\"publisher\":{\"@id\":\"https:\/\/www.loroparque-fundacion.org\/en\/#organization\"},\"potentialAction\":[{\"@type\":\"SearchAction\",\"target\":{\"@type\":\"EntryPoint\",\"urlTemplate\":\"https:\/\/www.loroparque-fundacion.org\/en\/?s={search_term_string}\"},\"query-input\":\"required name=search_term_string\"}],\"inLanguage\":\"en-US\"},{\"@type\":\"Organization\",\"@id\":\"https:\/\/www.loroparque-fundacion.org\/en\/#organization\",\"name\":\"Loro Parque Fundaci\u00f3n\",\"url\":\"https:\/\/www.loroparque-fundacion.org\/en\/\",\"logo\":{\"@type\":\"ImageObject\",\"inLanguage\":\"en-US\",\"@id\":\"https:\/\/www.loroparque-fundacion.org\/en\/#\/schema\/logo\/image\/\",\"url\":\"https:\/\/www.loroparque-fundacion.org\/app\/uploads\/2022\/08\/destacadaweb.png\",\"contentUrl\":\"https:\/\/www.loroparque-fundacion.org\/app\/uploads\/2022\/08\/destacadaweb.png\",\"width\":500,\"height\":500,\"caption\":\"Loro Parque Fundaci\u00f3n\"},\"image\":{\"@id\":\"https:\/\/www.loroparque-fundacion.org\/en\/#\/schema\/logo\/image\/\"},\"sameAs\":[\"https:\/\/www.facebook.com\/loroparquefundacion\/\",\"https:\/\/x.com\/lp__fundacion\",\"https:\/\/www.instagram.com\/loroparque_fundacion\/\",\"https:\/\/www.linkedin.com\/company\/loroparque\/\"]},{\"@type\":\"Person\",\"@id\":\"https:\/\/www.loroparque-fundacion.org\/en\/#\/schema\/person\/4dbb636839aedad4c1753c9e1a7c45ae\",\"name\":\"proyectran\",\"image\":{\"@type\":\"ImageObject\",\"inLanguage\":\"en-US\",\"@id\":\"https:\/\/www.loroparque-fundacion.org\/en\/#\/schema\/person\/image\/\",\"url\":\"https:\/\/secure.gravatar.com\/avatar\/22f27b2e9ded79cc79760c97130ee494?s=96&d=mm&r=g\",\"contentUrl\":\"https:\/\/secure.gravatar.com\/avatar\/22f27b2e9ded79cc79760c97130ee494?s=96&d=mm&r=g\",\"caption\":\"proyectran\"},\"sameAs\":[\"https:\/\/www.loroparque-fundacion.org\/wp\"]}]}<\/script>\n<!-- \/ Yoast SEO plugin. -->","yoast_head_json":{"title":"Nueva Escultura de Pl\u00e1stico Reciclado","description":"Loro Parque Fundaci\u00f3n inaugura en Los Realejos una escultura de material reciclado para concienciar sobre la contaminaci\u00f3n por pl\u00e1stico en los oc\u00e9anos.","robots":{"index":"index","follow":"follow","max-snippet":"max-snippet:-1","max-image-preview":"max-image-preview:large","max-video-preview":"max-video-preview:-1"},"canonical":"https:\/\/www.loroparque-fundacion.org\/en\/loro-parque-fundacion-refuerza-su-compromiso-con-el-medioambiente-con-una-nueva-escultura\/","og_locale":"en_US","og_type":"article","og_title":"Nueva Escultura de Pl\u00e1stico Reciclado","og_description":"Loro Parque Fundaci\u00f3n inaugura en Los Realejos una escultura de material reciclado para concienciar sobre la contaminaci\u00f3n por pl\u00e1stico en los oc\u00e9anos.","og_url":"https:\/\/www.loroparque-fundacion.org\/en\/loro-parque-fundacion-refuerza-su-compromiso-con-el-medioambiente-con-una-nueva-escultura\/","og_site_name":"Loro Parque Fundaci\u00f3n","article_publisher":"https:\/\/www.facebook.com\/loroparquefundacion\/","article_published_time":"2019-12-04T17:35:10+00:00","article_modified_time":"2026-02-06T13:59:01+00:00","og_image":[{"url":"https:\/\/www.loroparque-fundacion.org\/app\/uploads\/2019\/12\/loro_parque_fundacion_refuerza_compromiso_con_medioambiente_nueva_escultura-2-300x200.jpg"}],"author":"proyectran","twitter_card":"summary_large_image","twitter_creator":"@lp__fundacion","twitter_site":"@lp__fundacion","twitter_misc":{"Written by":"proyectran","Est. reading time":"3 minutes"},"schema":{"@context":"https:\/\/schema.org","@graph":[{"@type":"Article","@id":"https:\/\/www.loroparque-fundacion.org\/en\/loro-parque-fundacion-refuerza-su-compromiso-con-el-medioambiente-con-una-nueva-escultura\/#article","isPartOf":{"@id":"https:\/\/www.loroparque-fundacion.org\/en\/loro-parque-fundacion-refuerza-su-compromiso-con-el-medioambiente-con-una-nueva-escultura\/"},"author":{"name":"proyectran","@id":"https:\/\/www.loroparque-fundacion.org\/en\/#\/schema\/person\/4dbb636839aedad4c1753c9e1a7c45ae"},"headline":"Loro Parque Fundaci\u00f3n refuerza su compromiso con el medioambiente con una nueva escultura","datePublished":"2019-12-04T17:35:10+00:00","dateModified":"2026-02-06T13:59:01+00:00","mainEntityOfPage":{"@id":"https:\/\/www.loroparque-fundacion.org\/en\/loro-parque-fundacion-refuerza-su-compromiso-con-el-medioambiente-con-una-nueva-escultura\/"},"wordCount":457,"publisher":{"@id":"https:\/\/www.loroparque-fundacion.org\/en\/#organization"},"image":{"@id":"https:\/\/www.loroparque-fundacion.org\/en\/loro-parque-fundacion-refuerza-su-compromiso-con-el-medioambiente-con-una-nueva-escultura\/#primaryimage"},"thumbnailUrl":"https:\/\/www.loroparque-fundacion.org\/app\/uploads\/2019\/12\/loro_parque_fundacion_refuerza_compromiso_con_medioambiente_nueva_escultura-2-300x200.jpg","articleSection":["Blog ENG"],"inLanguage":"en-US"},{"@type":"WebPage","@id":"https:\/\/www.loroparque-fundacion.org\/en\/loro-parque-fundacion-refuerza-su-compromiso-con-el-medioambiente-con-una-nueva-escultura\/","url":"https:\/\/www.loroparque-fundacion.org\/en\/loro-parque-fundacion-refuerza-su-compromiso-con-el-medioambiente-con-una-nueva-escultura\/","name":"Nueva Escultura de Pl\u00e1stico Reciclado","isPartOf":{"@id":"https:\/\/www.loroparque-fundacion.org\/en\/#website"},"primaryImageOfPage":{"@id":"https:\/\/www.loroparque-fundacion.org\/en\/loro-parque-fundacion-refuerza-su-compromiso-con-el-medioambiente-con-una-nueva-escultura\/#primaryimage"},"image":{"@id":"https:\/\/www.loroparque-fundacion.org\/en\/loro-parque-fundacion-refuerza-su-compromiso-con-el-medioambiente-con-una-nueva-escultura\/#primaryimage"},"thumbnailUrl":"https:\/\/www.loroparque-fundacion.org\/app\/uploads\/2019\/12\/loro_parque_fundacion_refuerza_compromiso_con_medioambiente_nueva_escultura-2-300x200.jpg","datePublished":"2019-12-04T17:35:10+00:00","dateModified":"2026-02-06T13:59:01+00:00","description":"Loro Parque Fundaci\u00f3n inaugura en Los Realejos una escultura de material reciclado para concienciar sobre la contaminaci\u00f3n por pl\u00e1stico en los oc\u00e9anos.","inLanguage":"en-US","potentialAction":[{"@type":"ReadAction","target":["https:\/\/www.loroparque-fundacion.org\/en\/loro-parque-fundacion-refuerza-su-compromiso-con-el-medioambiente-con-una-nueva-escultura\/"]}]},{"@type":"ImageObject","inLanguage":"en-US","@id":"https:\/\/www.loroparque-fundacion.org\/en\/loro-parque-fundacion-refuerza-su-compromiso-con-el-medioambiente-con-una-nueva-escultura\/#primaryimage","url":"https:\/\/www.loroparque-fundacion.org\/app\/uploads\/2019\/12\/loro_parque_fundacion_refuerza_compromiso_con_medioambiente_nueva_escultura-2-300x200.jpg","contentUrl":"https:\/\/www.loroparque-fundacion.org\/app\/uploads\/2019\/12\/loro_parque_fundacion_refuerza_compromiso_con_medioambiente_nueva_escultura-2-300x200.jpg"},{"@type":"WebSite","@id":"https:\/\/www.loroparque-fundacion.org\/en\/#website","url":"https:\/\/www.loroparque-fundacion.org\/en\/","name":"Loro Parque Fundaci\u00f3n","description":"We Care - Animal Embassy - Tenerife","publisher":{"@id":"https:\/\/www.loroparque-fundacion.org\/en\/#organization"},"potentialAction":[{"@type":"SearchAction","target":{"@type":"EntryPoint","urlTemplate":"https:\/\/www.loroparque-fundacion.org\/en\/?s={search_term_string}"},"query-input":"required name=search_term_string"}],"inLanguage":"en-US"},{"@type":"Organization","@id":"https:\/\/www.loroparque-fundacion.org\/en\/#organization","name":"Loro Parque Fundaci\u00f3n","url":"https:\/\/www.loroparque-fundacion.org\/en\/","logo":{"@type":"ImageObject","inLanguage":"en-US","@id":"https:\/\/www.loroparque-fundacion.org\/en\/#\/schema\/logo\/image\/","url":"https:\/\/www.loroparque-fundacion.org\/app\/uploads\/2022\/08\/destacadaweb.png","contentUrl":"https:\/\/www.loroparque-fundacion.org\/app\/uploads\/2022\/08\/destacadaweb.png","width":500,"height":500,"caption":"Loro Parque Fundaci\u00f3n"},"image":{"@id":"https:\/\/www.loroparque-fundacion.org\/en\/#\/schema\/logo\/image\/"},"sameAs":["https:\/\/www.facebook.com\/loroparquefundacion\/","https:\/\/x.com\/lp__fundacion","https:\/\/www.instagram.com\/loroparque_fundacion\/","https:\/\/www.linkedin.com\/company\/loroparque\/"]},{"@type":"Person","@id":"https:\/\/www.loroparque-fundacion.org\/en\/#\/schema\/person\/4dbb636839aedad4c1753c9e1a7c45ae","name":"proyectran","image":{"@type":"ImageObject","inLanguage":"en-US","@id":"https:\/\/www.loroparque-fundacion.org\/en\/#\/schema\/person\/image\/","url":"https:\/\/secure.gravatar.com\/avatar\/22f27b2e9ded79cc79760c97130ee494?s=96&d=mm&r=g","contentUrl":"https:\/\/secure.gravatar.com\/avatar\/22f27b2e9ded79cc79760c97130ee494?s=96&d=mm&r=g","caption":"proyectran"},"sameAs":["https:\/\/www.loroparque-fundacion.org\/wp"]}]}},"_links":{"self":[{"href":"https:\/\/www.loroparque-fundacion.org\/en\/wp-json\/wp\/v2\/posts\/9228"}],"collection":[{"href":"https:\/\/www.loroparque-fundacion.org\/en\/wp-json\/wp\/v2\/posts"}],"about":[{"href":"https:\/\/www.loroparque-fundacion.org\/en\/wp-json\/wp\/v2\/types\/post"}],"author":[{"embeddable":true,"href":"https:\/\/www.loroparque-fundacion.org\/en\/wp-json\/wp\/v2\/users\/1"}],"replies":[{"embeddable":true,"href":"https:\/\/www.loroparque-fundacion.org\/en\/wp-json\/wp\/v2\/comments?post=9228"}],"version-history":[{"count":3,"href":"https:\/\/www.loroparque-fundacion.org\/en\/wp-json\/wp\/v2\/posts\/9228\/revisions"}],"predecessor-version":[{"id":55992,"href":"https:\/\/www.loroparque-fundacion.org\/en\/wp-json\/wp\/v2\/posts\/9228\/revisions\/55992"}],"wp:attachment":[{"href":"https:\/\/www.loroparque-fundacion.org\/en\/wp-json\/wp\/v2\/media?parent=9228"}],"wp:term":[{"taxonomy":"category","embeddable":true,"href":"https:\/\/www.loroparque-fundacion.org\/en\/wp-json\/wp\/v2\/categories?post=9228"},{"taxonomy":"post_tag","embeddable":true,"href":"https:\/\/www.loroparque-fundacion.org\/en\/wp-json\/wp\/v2\/tags?post=9228"}],"curies":[{"name":"wp","href":"https:\/\/api.w.org\/{rel}","templated":true}]}}